{"id":2044,"date":"2023-02-02T17:35:34","date_gmt":"2023-02-02T17:35:34","guid":{"rendered":"https:\/\/www.septinoticias.com.mx\/?p=2044"},"modified":"2023-02-03T17:36:53","modified_gmt":"2023-02-03T17:36:53","slug":"ciclismo-vive-la-primera-fecha-estatal-en-mtb","status":"publish","type":"post","link":"https:\/\/www.septinoticias.com.mx\/?p=2044","title":{"rendered":"Ciclismo Vive La Primera Fecha Estatal en Mtb"},"content":{"rendered":"\t\t<div data-elementor-type=\"wp-post\" data-elementor-id=\"2044\" class=\"elementor elementor-2044\">\n\t\t\t\t\t\t\t\t\t<section class=\"elementor-section elementor-top-section elementor-element elementor-element-20bbcd3b elementor-section-boxed elementor-section-height-default elementor-section-height-default\" data-id=\"20bbcd3b\" data-element_type=\"section\">\n\t\t\t\t\t\t<div class=\"elementor-container elementor-column-gap-default\">\n\t\t\t\t\t<div class=\"elementor-column elementor-col-100 elementor-top-column elementor-element elementor-element-33be02ef\" data-id=\"33be02ef\" data-element_type=\"column\">\n\t\t\t<div class=\"elementor-widget-wrap elementor-element-populated\">\n\t\t\t\t\t\t\t\t<div class=\"elementor-element elementor-element-6c4a91f9 elementor-widget elementor-widget-text-editor\" data-id=\"6c4a91f9\" data-element_type=\"widget\" data-widget_type=\"text-editor.default\">\n\t\t\t\t<div class=\"elementor-widget-container\">\n\t\t\t<style>\/*! elementor - v3.10.1 - 17-01-2023 *\/\n.elementor-widget-text-editor.elementor-drop-cap-view-stacked .elementor-drop-cap{background-color:#818a91;color:#fff}.elementor-widget-text-editor.elementor-drop-cap-view-framed .elementor-drop-cap{color:#818a91;border:3px solid;background-color:transparent}.elementor-widget-text-editor:not(.elementor-drop-cap-view-default) .elementor-drop-cap{margin-top:8px}.elementor-widget-text-editor:not(.elementor-drop-cap-view-default) .elementor-drop-cap-letter{width:1em;height:1em}.elementor-widget-text-editor .elementor-drop-cap{float:left;text-align:center;line-height:1;font-size:50px}.elementor-widget-text-editor .elementor-drop-cap-letter{display:inline-block}<\/style>\t\t\t\t<p><strong>&#8211; La competencia se desarroll\u00f3 en el municipio de San Salvador el domingo 29 de enero.<\/strong><\/p><p><strong>&#8211; El pr\u00f3ximo 12 de febrero, la localidad de Bocaja recibir\u00e1 ciclismo de ruta. <\/strong><\/p><p><strong>Pachuca de Soto, Hgo., a 02 de febrero de 2023.-<\/strong>Con direcci\u00f3n de Marco Antonio R\u00edos Vel\u00e1zquez, presidente de la Asociaci\u00f3n de J\u00f3venes Ciclistas Hidalguenses, se llev\u00f3 a cabo la primera fecha estatal de la disciplina en el municipio de San Salvador.<\/p><p>Siendo ocho fechas clasificatorias rumbo a la etapa macro regional, los primeros lugares en la categor\u00eda juvenil A, se los llevaron los atletas Santiago Garc\u00eda Pel\u00e1ez, Jeencarlo Celaya Escarguega e Iv\u00e1n Segura Medina, mientras que por parte de la femenil fueron: Andrea Paredes S\u00e1nchez, Valentina Dom\u00ednguez Ch\u00e1vez y Aline Navarro Mart\u00ednez.<\/p><p>Por su parte en la juvenil B, inician su clasificaci\u00f3n los pedalistas Brayan Arriaga Rueda, Neo Ben\u00edtez Pati\u00f1o, Eleonaid Acosta Rodr\u00edguez, Gema \u00c1ngeles Hern\u00e1ndez, Renata Herrera Ortega y Arumy Carrion Hern\u00e1ndez, quienes concluyeron en los primeros lugares.<\/p><p>Maximiliano Serrano Hern\u00e1ndez, Guillermo Olvera Gonz\u00e1lez, H\u00e9ctor Caballero Tolentina, Angelin Montufar Ravelo, Johana God\u00ednez Vel\u00e1zquez y Xanna Paredes Ju\u00e1rez, sumaron los primeros puntos en la juvenil C, mientras que en la sub 23, los hidalguenses Iv\u00e1n Aguilar Villegas, Carlos Eduardo Talonia, Cesar Talonia, Clarissa Montufar Ravelo y Aida Manali P\u00e9rez Fern\u00e1ndez, subieron al p\u00f3dium.<\/p><p>El pr\u00f3ximo 12 de febrero, la localidad de Bacaja, ser\u00e1 sede de la primera fecha de ruta, donde los ciclistas tendr\u00e1n la oportunidad de iniciar su clasificaci\u00f3n rumbo a los Nacionales CONADE 2023.<\/p>\t\t\t\t\t\t<\/div>\n\t\t\t\t<\/div>\n\t\t\t\t\t<\/div>\n\t\t<\/div>\n\t\t\t\t\t\t\t<\/div>\n\t\t<\/section>\n\t\t\t\t\t\t\t<\/div>\n\t\t","protected":false},"excerpt":{"rendered":"<p>&#8211; La competencia se desarroll\u00f3 en el municipio de San Salvador el domingo 29 de enero. &#8211; El pr\u00f3ximo 12 de febrero, la localidad de Bocaja recibir\u00e1 ciclismo de ruta. Pachuca de Soto, Hgo., a 02 de febrero de 2023.-Con direcci\u00f3n de Marco Antonio R\u00edos Vel\u00e1zquez, presidente de la Asociaci\u00f3n de J\u00f3venes Ciclistas Hidalguenses, se [&hellip;]<\/p>\n","protected":false},"author":1,"featured_media":2046,"comment_status":"closed","ping_status":"closed","sticky":false,"template":"","format":"standard","meta":[],"categories":[6],"tags":[],"_links":{"self":[{"href":"https:\/\/www.septinoticias.com.mx\/index.php?rest_route=\/wp\/v2\/posts\/2044"}],"collection":[{"href":"https:\/\/www.septinoticias.com.mx\/index.php?rest_route=\/wp\/v2\/posts"}],"about":[{"href":"https:\/\/www.septinoticias.com.mx\/index.php?rest_route=\/wp\/v2\/types\/post"}],"author":[{"embeddable":true,"href":"https:\/\/www.septinoticias.com.mx\/index.php?rest_route=\/wp\/v2\/users\/1"}],"replies":[{"embeddable":true,"href":"https:\/\/www.septinoticias.com.mx\/index.php?rest_route=%2Fwp%2Fv2%2Fcomments&post=2044"}],"version-history":[{"count":5,"href":"https:\/\/www.septinoticias.com.mx\/index.php?rest_route=\/wp\/v2\/posts\/2044\/revisions"}],"predecessor-version":[{"id":2473,"href":"https:\/\/www.septinoticias.com.mx\/index.php?rest_route=\/wp\/v2\/posts\/2044\/revisions\/2473"}],"wp:featuredmedia":[{"embeddable":true,"href":"https:\/\/www.septinoticias.com.mx\/index.php?rest_route=\/wp\/v2\/media\/2046"}],"wp:attachment":[{"href":"https:\/\/www.septinoticias.com.mx\/index.php?rest_route=%2Fwp%2Fv2%2Fmedia&parent=2044"}],"wp:term":[{"taxonomy":"category","embeddable":true,"href":"https:\/\/www.septinoticias.com.mx\/index.php?rest_route=%2Fwp%2Fv2%2Fcategories&post=2044"},{"taxonomy":"post_tag","embeddable":true,"href":"https:\/\/www.septinoticias.com.mx\/index.php?rest_route=%2Fwp%2Fv2%2Ftags&post=2044"}],"curies":[{"name":"wp","href":"https:\/\/api.w.org\/{rel}","templated":true}]}}