{"id":1752,"date":"2023-01-31T13:21:45","date_gmt":"2023-01-31T13:21:45","guid":{"rendered":"https:\/\/www.septinoticias.com.mx\/?p=1752"},"modified":"2023-02-01T16:12:49","modified_gmt":"2023-02-01T16:12:49","slug":"entrega-de-cartilla-del-servicio-militar-para-liberacion-se-amplia-dos-fines-de-semana-mas","status":"publish","type":"post","link":"https:\/\/www.septinoticias.com.mx\/?p=1752","title":{"rendered":"Entrega de Cartilla del Servicio Militar Para Liberaci\u00f3n, Se Ampl\u00eda Dos Fines de Semana M\u00e1s"},"content":{"rendered":"\t\t<div data-elementor-type=\"wp-post\" data-elementor-id=\"1752\" class=\"elementor elementor-1752\">\n\t\t\t\t\t\t\t\t\t<section class=\"elementor-section elementor-top-section elementor-element elementor-element-20bbcd3b elementor-section-boxed elementor-section-height-default elementor-section-height-default\" data-id=\"20bbcd3b\" data-element_type=\"section\">\n\t\t\t\t\t\t<div class=\"elementor-container elementor-column-gap-default\">\n\t\t\t\t\t<div class=\"elementor-column elementor-col-100 elementor-top-column elementor-element elementor-element-33be02ef\" data-id=\"33be02ef\" data-element_type=\"column\">\n\t\t\t<div class=\"elementor-widget-wrap elementor-element-populated\">\n\t\t\t\t\t\t\t\t<div class=\"elementor-element elementor-element-6c4a91f9 elementor-widget elementor-widget-text-editor\" data-id=\"6c4a91f9\" data-element_type=\"widget\" data-widget_type=\"text-editor.default\">\n\t\t\t\t<div class=\"elementor-widget-container\">\n\t\t\t<style>\/*! elementor - v3.10.1 - 17-01-2023 *\/\n.elementor-widget-text-editor.elementor-drop-cap-view-stacked .elementor-drop-cap{background-color:#818a91;color:#fff}.elementor-widget-text-editor.elementor-drop-cap-view-framed .elementor-drop-cap{color:#818a91;border:3px solid;background-color:transparent}.elementor-widget-text-editor:not(.elementor-drop-cap-view-default) .elementor-drop-cap{margin-top:8px}.elementor-widget-text-editor:not(.elementor-drop-cap-view-default) .elementor-drop-cap-letter{width:1em;height:1em}.elementor-widget-text-editor .elementor-drop-cap{float:left;text-align:center;line-height:1;font-size:50px}.elementor-widget-text-editor .elementor-drop-cap-letter{display:inline-block}<\/style>\t\t\t\t<p style=\"text-align: justify;\"><strong>Tulancingo de Bravo, Hgo., 31 de enero de 2023.-<\/strong>Conforme lo dispuesto por la 18\u00aa. Zona militar y en apoyo a los varones de clase 2004 y remisos, fue ampliado a dos fines de semana m\u00e1s (4, 5 as\u00ed como 11 y 12 de febrero), la entrega de cartillas del servicio militar para su liberaci\u00f3n, en Tulancingo.<br \/>Dicha entrega de cartillas debe efectuarse en el cuartel militar ubicado en la colonia Las Glorias (a un costado del recinto ferial) con un horario de 8.00 a 13:00 horas.<\/p><p style=\"text-align: justify;\"><br \/>Para efectos de esta diligencia los interesados deber\u00e1n presentar la cartilla que les fue expedida por la Junta Municipal de Reclutamiento, as\u00ed como copias de: Acta de Nacimiento; CURP; Credencial de Elector y llevar un lapicero para el llenado de documentaci\u00f3n.<br \/><br \/><\/p><p style=\"text-align: justify;\">Habitualmente, ese tr\u00e1mite debe realizarse los s\u00e1bados y domingos de enero, pero en consideraci\u00f3n a que una buena parte de j\u00f3venes, se encuentran estudiando fuera del municipio, fue que se ampli\u00f3 el periodo para que puedan atender el procedimiento indicado por la SEDENA.<br \/><br \/><\/p><p style=\"text-align: justify;\">Para mayor informaci\u00f3n sobre esta diligencia, los interesados podr\u00e1n acudir a oficinas de la Junta Municipal de Reclutamiento (En el segundo piso de presidencia municipal) aunque se reiter\u00f3 que, para la entrega de cartillas, es directamente en el cuartel militar en colonia Las Glorias.<\/p>\t\t\t\t\t\t<\/div>\n\t\t\t\t<\/div>\n\t\t\t\t\t<\/div>\n\t\t<\/div>\n\t\t\t\t\t\t\t<\/div>\n\t\t<\/section>\n\t\t\t\t\t\t\t<\/div>\n\t\t","protected":false},"excerpt":{"rendered":"<p>Tulancingo de Bravo, Hgo., 31 de enero de 2023.-Conforme lo dispuesto por la 18\u00aa. Zona militar y en apoyo a los varones de clase 2004 y remisos, fue ampliado a dos fines de semana m\u00e1s (4, 5 as\u00ed como 11 y 12 de febrero), la entrega de cartillas del servicio militar para su liberaci\u00f3n, en [&hellip;]<\/p>\n","protected":false},"author":1,"featured_media":1770,"comment_status":"closed","ping_status":"closed","sticky":false,"template":"","format":"standard","meta":[],"categories":[7],"tags":[],"_links":{"self":[{"href":"https:\/\/www.septinoticias.com.mx\/index.php?rest_route=\/wp\/v2\/posts\/1752"}],"collection":[{"href":"https:\/\/www.septinoticias.com.mx\/index.php?rest_route=\/wp\/v2\/posts"}],"about":[{"href":"https:\/\/www.septinoticias.com.mx\/index.php?rest_route=\/wp\/v2\/types\/post"}],"author":[{"embeddable":true,"href":"https:\/\/www.septinoticias.com.mx\/index.php?rest_route=\/wp\/v2\/users\/1"}],"replies":[{"embeddable":true,"href":"https:\/\/www.septinoticias.com.mx\/index.php?rest_route=%2Fwp%2Fv2%2Fcomments&post=1752"}],"version-history":[{"count":7,"href":"https:\/\/www.septinoticias.com.mx\/index.php?rest_route=\/wp\/v2\/posts\/1752\/revisions"}],"predecessor-version":[{"id":1880,"href":"https:\/\/www.septinoticias.com.mx\/index.php?rest_route=\/wp\/v2\/posts\/1752\/revisions\/1880"}],"wp:featuredmedia":[{"embeddable":true,"href":"https:\/\/www.septinoticias.com.mx\/index.php?rest_route=\/wp\/v2\/media\/1770"}],"wp:attachment":[{"href":"https:\/\/www.septinoticias.com.mx\/index.php?rest_route=%2Fwp%2Fv2%2Fmedia&parent=1752"}],"wp:term":[{"taxonomy":"category","embeddable":true,"href":"https:\/\/www.septinoticias.com.mx\/index.php?rest_route=%2Fwp%2Fv2%2Fcategories&post=1752"},{"taxonomy":"post_tag","embeddable":true,"href":"https:\/\/www.septinoticias.com.mx\/index.php?rest_route=%2Fwp%2Fv2%2Ftags&post=1752"}],"curies":[{"name":"wp","href":"https:\/\/api.w.org\/{rel}","templated":true}]}}