{"id":1698,"date":"2023-01-31T11:47:44","date_gmt":"2023-01-31T11:47:44","guid":{"rendered":"https:\/\/www.septinoticias.com.mx\/?p=1698"},"modified":"2023-02-01T14:42:31","modified_gmt":"2023-02-01T14:42:31","slug":"nueva-alianza-propone-reforma-legislativa-en-materia-de-residencias-de-dia-para-beneficiar-a-383-mil-675-personas-de-60-anos-o-mas-en-hidalgo","status":"publish","type":"post","link":"https:\/\/www.septinoticias.com.mx\/?p=1698","title":{"rendered":"Nueva Alianza Propone Reforma Legislativa en Materia de \u201cResidencias de D\u00eda\u201d Para Beneficiar a 383 mil 675 Personas de 60 a\u00f1os o m\u00e1s en Hidalgo"},"content":{"rendered":"\t\t<div data-elementor-type=\"wp-post\" data-elementor-id=\"1698\" class=\"elementor elementor-1698\">\n\t\t\t\t\t\t\t\t\t<section class=\"elementor-section elementor-top-section elementor-element elementor-element-20bbcd3b elementor-section-boxed elementor-section-height-default elementor-section-height-default\" data-id=\"20bbcd3b\" data-element_type=\"section\">\n\t\t\t\t\t\t<div class=\"elementor-container elementor-column-gap-default\">\n\t\t\t\t\t<div class=\"elementor-column elementor-col-100 elementor-top-column elementor-element elementor-element-33be02ef\" data-id=\"33be02ef\" data-element_type=\"column\">\n\t\t\t<div class=\"elementor-widget-wrap elementor-element-populated\">\n\t\t\t\t\t\t\t\t<div class=\"elementor-element elementor-element-6c4a91f9 elementor-widget elementor-widget-text-editor\" data-id=\"6c4a91f9\" data-element_type=\"widget\" data-widget_type=\"text-editor.default\">\n\t\t\t\t<div class=\"elementor-widget-container\">\n\t\t\t<style>\/*! elementor - v3.10.1 - 17-01-2023 *\/\n.elementor-widget-text-editor.elementor-drop-cap-view-stacked .elementor-drop-cap{background-color:#818a91;color:#fff}.elementor-widget-text-editor.elementor-drop-cap-view-framed .elementor-drop-cap{color:#818a91;border:3px solid;background-color:transparent}.elementor-widget-text-editor:not(.elementor-drop-cap-view-default) .elementor-drop-cap{margin-top:8px}.elementor-widget-text-editor:not(.elementor-drop-cap-view-default) .elementor-drop-cap-letter{width:1em;height:1em}.elementor-widget-text-editor .elementor-drop-cap{float:left;text-align:center;line-height:1;font-size:50px}.elementor-widget-text-editor .elementor-drop-cap-letter{display:inline-block}<\/style>\t\t\t\t<p style=\"text-align: justify;\"><strong>Pachuca, Hgo. 31 de enero 2023.-<\/strong> La diputada de Nueva Alianza, Mar\u00eda Adelaida Mu\u00f1oz Jumilla, dio a conocer la iniciativa con proyecto de decreto por el que se reforman y adicionan diversas disposiciones de la Ley de los Derechos de las Personas Adultas Mayores de Hidalgo, en materia de residencias de d\u00eda.\nExplic\u00f3 que en materia de adultos mayores la prevenci\u00f3n debe ser una acci\u00f3n prioritaria de cualquier gobierno, m\u00e1s cuando en algunos a\u00f1os m\u00e1s la pir\u00e1mide poblacional se invertir\u00e1 y habr\u00e1 mayor n\u00famero de personas adultas mayores que personas menores, lo que evidentemente ser\u00e1 un reto para gobiernos y sociedades.\nCifras del Censo Nacional de Poblaci\u00f3n 2020, Hidalgo tiene un porcentaje de personas adultas mayores del 12.4 por ciento, que son aproximadamente 383 mil 675 personas de 60 a\u00f1os o m\u00e1s.\nEl Estado debe apoyar a las personas en el cuidado de las personas mayores, porque les facilitar\u00e1 la realizaci\u00f3n de sus actividades laborales y personales, otorg\u00e1ndoles espacios dignos en el que podr\u00e1n socializar, realizar actividades culturales, contar con servicios geri\u00e1tricos, entre otros.<\/p>\t\t\t\t\t\t<\/div>\n\t\t\t\t<\/div>\n\t\t\t\t\t<\/div>\n\t\t<\/div>\n\t\t\t\t\t\t\t<\/div>\n\t\t<\/section>\n\t\t\t\t\t\t\t<\/div>\n\t\t","protected":false},"excerpt":{"rendered":"<p>Pachuca, Hgo. 31 de enero 2023.- La diputada de Nueva Alianza, Mar\u00eda Adelaida Mu\u00f1oz Jumilla, dio a conocer la iniciativa con proyecto de decreto por el que se reforman y adicionan diversas disposiciones de la Ley de los Derechos de las Personas Adultas Mayores de Hidalgo, en materia de residencias de d\u00eda. Explic\u00f3 que en [&hellip;]<\/p>\n","protected":false},"author":1,"featured_media":1782,"comment_status":"closed","ping_status":"closed","sticky":false,"template":"","format":"standard","meta":[],"categories":[8],"tags":[],"_links":{"self":[{"href":"https:\/\/www.septinoticias.com.mx\/index.php?rest_route=\/wp\/v2\/posts\/1698"}],"collection":[{"href":"https:\/\/www.septinoticias.com.mx\/index.php?rest_route=\/wp\/v2\/posts"}],"about":[{"href":"https:\/\/www.septinoticias.com.mx\/index.php?rest_route=\/wp\/v2\/types\/post"}],"author":[{"embeddable":true,"href":"https:\/\/www.septinoticias.com.mx\/index.php?rest_route=\/wp\/v2\/users\/1"}],"replies":[{"embeddable":true,"href":"https:\/\/www.septinoticias.com.mx\/index.php?rest_route=%2Fwp%2Fv2%2Fcomments&post=1698"}],"version-history":[{"count":9,"href":"https:\/\/www.septinoticias.com.mx\/index.php?rest_route=\/wp\/v2\/posts\/1698\/revisions"}],"predecessor-version":[{"id":1806,"href":"https:\/\/www.septinoticias.com.mx\/index.php?rest_route=\/wp\/v2\/posts\/1698\/revisions\/1806"}],"wp:featuredmedia":[{"embeddable":true,"href":"https:\/\/www.septinoticias.com.mx\/index.php?rest_route=\/wp\/v2\/media\/1782"}],"wp:attachment":[{"href":"https:\/\/www.septinoticias.com.mx\/index.php?rest_route=%2Fwp%2Fv2%2Fmedia&parent=1698"}],"wp:term":[{"taxonomy":"category","embeddable":true,"href":"https:\/\/www.septinoticias.com.mx\/index.php?rest_route=%2Fwp%2Fv2%2Fcategories&post=1698"},{"taxonomy":"post_tag","embeddable":true,"href":"https:\/\/www.septinoticias.com.mx\/index.php?rest_route=%2Fwp%2Fv2%2Ftags&post=1698"}],"curies":[{"name":"wp","href":"https:\/\/api.w.org\/{rel}","templated":true}]}}