{"id":1680,"date":"2023-01-25T06:27:51","date_gmt":"2023-01-25T06:27:51","guid":{"rendered":"https:\/\/www.septinoticias.com.mx\/?p=1680"},"modified":"2023-01-27T06:29:20","modified_gmt":"2023-01-27T06:29:20","slug":"seph-conmemora-el-dia-naranja","status":"publish","type":"post","link":"https:\/\/www.septinoticias.com.mx\/?p=1680","title":{"rendered":"SEPH Conmemora El D\u00eda Naranja"},"content":{"rendered":"\t\t<div data-elementor-type=\"wp-post\" data-elementor-id=\"1680\" class=\"elementor elementor-1680\">\n\t\t\t\t\t\t\t\t\t<section class=\"elementor-section elementor-top-section elementor-element elementor-element-20bbcd3b elementor-section-boxed elementor-section-height-default elementor-section-height-default\" data-id=\"20bbcd3b\" data-element_type=\"section\">\n\t\t\t\t\t\t<div class=\"elementor-container elementor-column-gap-default\">\n\t\t\t\t\t<div class=\"elementor-column elementor-col-100 elementor-top-column elementor-element elementor-element-33be02ef\" data-id=\"33be02ef\" data-element_type=\"column\">\n\t\t\t<div class=\"elementor-widget-wrap elementor-element-populated\">\n\t\t\t\t\t\t\t\t<div class=\"elementor-element elementor-element-6c4a91f9 elementor-widget elementor-widget-text-editor\" data-id=\"6c4a91f9\" data-element_type=\"widget\" data-widget_type=\"text-editor.default\">\n\t\t\t\t<div class=\"elementor-widget-container\">\n\t\t\t<style>\/*! elementor - v3.10.1 - 17-01-2023 *\/\n.elementor-widget-text-editor.elementor-drop-cap-view-stacked .elementor-drop-cap{background-color:#818a91;color:#fff}.elementor-widget-text-editor.elementor-drop-cap-view-framed .elementor-drop-cap{color:#818a91;border:3px solid;background-color:transparent}.elementor-widget-text-editor:not(.elementor-drop-cap-view-default) .elementor-drop-cap{margin-top:8px}.elementor-widget-text-editor:not(.elementor-drop-cap-view-default) .elementor-drop-cap-letter{width:1em;height:1em}.elementor-widget-text-editor .elementor-drop-cap{float:left;text-align:center;line-height:1;font-size:50px}.elementor-widget-text-editor .elementor-drop-cap-letter{display:inline-block}<\/style>\t\t\t\t<p style=\"text-align: center;\"><strong>PACHUCA, Hgo., 25 de Enero de 2023.-<\/strong> La Secretar\u00eda de Educaci\u00f3n P\u00fablica de Hidalgo (SEPH), a trav\u00e9s de la Direcci\u00f3n de la Unidad Institucional para la Igualdad entre Mujeres y Hombres (DUIIMH), realiz\u00f3 reuni\u00f3n de trabajo de la Red Educativa de Enlaces de G\u00e9nero (REEG), para conmemorar el D\u00eda Naranja que se realiza el 25 de cada mes, con la finalidad de actuar, generar conciencia y prevenir la violencia contra mujeres y ni\u00f1as.<\/p><p style=\"text-align: center;\">La Red Educativa de Enlaces de G\u00e9nero es un entramado institucional de personas organizadas por un inter\u00e9s com\u00fan: institucionalizar la perspectiva de g\u00e9nero, los derechos humanos, el lenguaje incluyente y la erradicaci\u00f3n de la violencia en la ni\u00f1ez, la juventud y las mujeres.<\/p><p style=\"text-align: center;\">La titular de la DUIIMH, Nhur Amira N\u00fa\u00f1ez Ponce, destac\u00f3 que en esta administraci\u00f3n que encabeza el gobernador Julio Menchaca Salazar y con el impulso del titular de la SEPH, Natividad Castrej\u00f3n Valdez, se cumplir\u00e1 esta estrategia institucional, enfocada a transversalizar e institucionalizar la perspectiva de g\u00e9nero, los derechos humanos, el lenguaje incluyente y erradicar la violencia de g\u00e9nero en las pol\u00edticas, programas y acciones institucionales.<\/p>\t\t\t\t\t\t<\/div>\n\t\t\t\t<\/div>\n\t\t\t\t\t<\/div>\n\t\t<\/div>\n\t\t\t\t\t\t\t<\/div>\n\t\t<\/section>\n\t\t\t\t\t\t\t<\/div>\n\t\t","protected":false},"excerpt":{"rendered":"<p>PACHUCA, Hgo., 25 de Enero de 2023.- La Secretar\u00eda de Educaci\u00f3n P\u00fablica de Hidalgo (SEPH), a trav\u00e9s de la Direcci\u00f3n de la Unidad Institucional para la Igualdad entre Mujeres y Hombres (DUIIMH), realiz\u00f3 reuni\u00f3n de trabajo de la Red Educativa de Enlaces de G\u00e9nero (REEG), para conmemorar el D\u00eda Naranja que se realiza el 25 [&hellip;]<\/p>\n","protected":false},"author":1,"featured_media":1682,"comment_status":"closed","ping_status":"closed","sticky":false,"template":"","format":"standard","meta":[],"categories":[4],"tags":[],"_links":{"self":[{"href":"https:\/\/www.septinoticias.com.mx\/index.php?rest_route=\/wp\/v2\/posts\/1680"}],"collection":[{"href":"https:\/\/www.septinoticias.com.mx\/index.php?rest_route=\/wp\/v2\/posts"}],"about":[{"href":"https:\/\/www.septinoticias.com.mx\/index.php?rest_route=\/wp\/v2\/types\/post"}],"author":[{"embeddable":true,"href":"https:\/\/www.septinoticias.com.mx\/index.php?rest_route=\/wp\/v2\/users\/1"}],"replies":[{"embeddable":true,"href":"https:\/\/www.septinoticias.com.mx\/index.php?rest_route=%2Fwp%2Fv2%2Fcomments&post=1680"}],"version-history":[{"count":4,"href":"https:\/\/www.septinoticias.com.mx\/index.php?rest_route=\/wp\/v2\/posts\/1680\/revisions"}],"predecessor-version":[{"id":1685,"href":"https:\/\/www.septinoticias.com.mx\/index.php?rest_route=\/wp\/v2\/posts\/1680\/revisions\/1685"}],"wp:featuredmedia":[{"embeddable":true,"href":"https:\/\/www.septinoticias.com.mx\/index.php?rest_route=\/wp\/v2\/media\/1682"}],"wp:attachment":[{"href":"https:\/\/www.septinoticias.com.mx\/index.php?rest_route=%2Fwp%2Fv2%2Fmedia&parent=1680"}],"wp:term":[{"taxonomy":"category","embeddable":true,"href":"https:\/\/www.septinoticias.com.mx\/index.php?rest_route=%2Fwp%2Fv2%2Fcategories&post=1680"},{"taxonomy":"post_tag","embeddable":true,"href":"https:\/\/www.septinoticias.com.mx\/index.php?rest_route=%2Fwp%2Fv2%2Ftags&post=1680"}],"curies":[{"name":"wp","href":"https:\/\/api.w.org\/{rel}","templated":true}]}}