{"id":1662,"date":"2023-01-25T06:19:16","date_gmt":"2023-01-25T06:19:16","guid":{"rendered":"https:\/\/www.septinoticias.com.mx\/?p=1662"},"modified":"2023-01-27T06:20:56","modified_gmt":"2023-01-27T06:20:56","slug":"semot-promueve-carro-compartido","status":"publish","type":"post","link":"https:\/\/www.septinoticias.com.mx\/?p=1662","title":{"rendered":"SEMOT Promueve \u201cCarro Compartido\u201d"},"content":{"rendered":"\t\t<div data-elementor-type=\"wp-post\" data-elementor-id=\"1662\" class=\"elementor elementor-1662\">\n\t\t\t\t\t\t\t\t\t<section class=\"elementor-section elementor-top-section elementor-element elementor-element-20bbcd3b elementor-section-boxed elementor-section-height-default elementor-section-height-default\" data-id=\"20bbcd3b\" data-element_type=\"section\">\n\t\t\t\t\t\t<div class=\"elementor-container elementor-column-gap-default\">\n\t\t\t\t\t<div class=\"elementor-column elementor-col-100 elementor-top-column elementor-element elementor-element-33be02ef\" data-id=\"33be02ef\" data-element_type=\"column\">\n\t\t\t<div class=\"elementor-widget-wrap elementor-element-populated\">\n\t\t\t\t\t\t\t\t<div class=\"elementor-element elementor-element-6c4a91f9 elementor-widget elementor-widget-text-editor\" data-id=\"6c4a91f9\" data-element_type=\"widget\" data-widget_type=\"text-editor.default\">\n\t\t\t\t<div class=\"elementor-widget-container\">\n\t\t\t<style>\/*! elementor - v3.10.1 - 17-01-2023 *\/\n.elementor-widget-text-editor.elementor-drop-cap-view-stacked .elementor-drop-cap{background-color:#818a91;color:#fff}.elementor-widget-text-editor.elementor-drop-cap-view-framed .elementor-drop-cap{color:#818a91;border:3px solid;background-color:transparent}.elementor-widget-text-editor:not(.elementor-drop-cap-view-default) .elementor-drop-cap{margin-top:8px}.elementor-widget-text-editor:not(.elementor-drop-cap-view-default) .elementor-drop-cap-letter{width:1em;height:1em}.elementor-widget-text-editor .elementor-drop-cap{float:left;text-align:center;line-height:1;font-size:50px}.elementor-widget-text-editor .elementor-drop-cap-letter{display:inline-block}<\/style>\t\t\t\t<p style=\"text-align: center;\"><strong>*Programa que fomenta alternativas de movilidad entre personas trabajadoras<\/strong><\/p><p style=\"text-align: center;\"><strong>PACHUCA, Hgo., 25 de Enero de 2023.-<\/strong> La Secretar\u00eda de Movilidad y Transporte (SEMOT), a trav\u00e9s de la Direcci\u00f3n General de Movilidad Sustentable, promueve el programa piloto \u201cCarro compartido\u201d, con el objetivo de fomentar alternativas de movilidad, abonando a la protecci\u00f3n del medio ambiente y la econom\u00eda familiar, generando una movilidad responsable y participativa.<\/p><p style=\"text-align: center;\">De esta forma desde el 3 de diciembre del 2022 personal de la secretar\u00eda y sus organismos sectorizados, el Sistema de Transporte Convencional de Hidalgo (STCH) y el Sistema de Transporte Masivo de Hidalgo (SITMAH), realizan viajes compartidos a los centros de trabajo.<\/p><p style=\"text-align: center;\">El primer reporte indica la participaci\u00f3n de 38 personas servidoras p\u00fablicas, de las cuales 23 son mujeres y 15 hombres, del total, 14 comparten su unidad para realizar viajes compartidos, lo que result\u00f3 en 24 veh\u00edculos individuales menos en circulaci\u00f3n en la Zona Metropolitana.<\/p><p style=\"text-align: center;\">Carro compartido es una iniciativa que tendr\u00e1 4 fases, la primera dirigida al interior de la Secretar\u00eda; la segunda se pretende replicar en otras dependencias e instituciones de gobierno; la tercera a todas las personas que laboran en la administraci\u00f3n p\u00fablica estatal y la cuarta fase dirigida a la sociedad civil.<\/p><p style=\"text-align: center;\">El impacto que se busca es mejorar la calidad del aire y el tr\u00e1nsito vehicular, que se refleje en un ahorro en la econom\u00eda familiar e impulsar alternativas de movilidad.<\/p><p style=\"text-align: center;\">El programa \u201cCarro compartido\u201d se plantea como una muestra de la voluntad y la participaci\u00f3n de las y los servidores p\u00fablicos, con el prop\u00f3sito de sumar a la ciudadan\u00eda para transformar la movilidad en la entidad.<\/p><p style=\"text-align: center;\">La SEMOT a trav\u00e9s de sus redes sociales seguir\u00e1 informado sobre la evoluci\u00f3n de este programa.<\/p><p>\u00a0<\/p>\t\t\t\t\t\t<\/div>\n\t\t\t\t<\/div>\n\t\t\t\t\t<\/div>\n\t\t<\/div>\n\t\t\t\t\t\t\t<\/div>\n\t\t<\/section>\n\t\t\t\t\t\t\t<\/div>\n\t\t","protected":false},"excerpt":{"rendered":"<p>*Programa que fomenta alternativas de movilidad entre personas trabajadoras PACHUCA, Hgo., 25 de Enero de 2023.- La Secretar\u00eda de Movilidad y Transporte (SEMOT), a trav\u00e9s de la Direcci\u00f3n General de Movilidad Sustentable, promueve el programa piloto \u201cCarro compartido\u201d, con el objetivo de fomentar alternativas de movilidad, abonando a la protecci\u00f3n del medio ambiente y la [&hellip;]<\/p>\n","protected":false},"author":1,"featured_media":1664,"comment_status":"closed","ping_status":"closed","sticky":false,"template":"","format":"standard","meta":[],"categories":[9],"tags":[],"_links":{"self":[{"href":"https:\/\/www.septinoticias.com.mx\/index.php?rest_route=\/wp\/v2\/posts\/1662"}],"collection":[{"href":"https:\/\/www.septinoticias.com.mx\/index.php?rest_route=\/wp\/v2\/posts"}],"about":[{"href":"https:\/\/www.septinoticias.com.mx\/index.php?rest_route=\/wp\/v2\/types\/post"}],"author":[{"embeddable":true,"href":"https:\/\/www.septinoticias.com.mx\/index.php?rest_route=\/wp\/v2\/users\/1"}],"replies":[{"embeddable":true,"href":"https:\/\/www.septinoticias.com.mx\/index.php?rest_route=%2Fwp%2Fv2%2Fcomments&post=1662"}],"version-history":[{"count":4,"href":"https:\/\/www.septinoticias.com.mx\/index.php?rest_route=\/wp\/v2\/posts\/1662\/revisions"}],"predecessor-version":[{"id":1667,"href":"https:\/\/www.septinoticias.com.mx\/index.php?rest_route=\/wp\/v2\/posts\/1662\/revisions\/1667"}],"wp:featuredmedia":[{"embeddable":true,"href":"https:\/\/www.septinoticias.com.mx\/index.php?rest_route=\/wp\/v2\/media\/1664"}],"wp:attachment":[{"href":"https:\/\/www.septinoticias.com.mx\/index.php?rest_route=%2Fwp%2Fv2%2Fmedia&parent=1662"}],"wp:term":[{"taxonomy":"category","embeddable":true,"href":"https:\/\/www.septinoticias.com.mx\/index.php?rest_route=%2Fwp%2Fv2%2Fcategories&post=1662"},{"taxonomy":"post_tag","embeddable":true,"href":"https:\/\/www.septinoticias.com.mx\/index.php?rest_route=%2Fwp%2Fv2%2Ftags&post=1662"}],"curies":[{"name":"wp","href":"https:\/\/api.w.org\/{rel}","templated":true}]}}