{"id":1656,"date":"2023-01-25T06:15:44","date_gmt":"2023-01-25T06:15:44","guid":{"rendered":"https:\/\/www.septinoticias.com.mx\/?p=1656"},"modified":"2023-01-27T06:17:45","modified_gmt":"2023-01-27T06:17:45","slug":"dejamos-el-discurso-y-construimos-estrategias-en-beneficio-de-las-y-los-migrantes-hidalguenses-jms","status":"publish","type":"post","link":"https:\/\/www.septinoticias.com.mx\/?p=1656","title":{"rendered":"Dejamos el Discurso y Construimos Estrategias en Beneficio de Las y Los Migrantes Hidalguenses: JMS"},"content":{"rendered":"\t\t<div data-elementor-type=\"wp-post\" data-elementor-id=\"1656\" class=\"elementor elementor-1656\">\n\t\t\t\t\t\t\t\t\t<section class=\"elementor-section elementor-top-section elementor-element elementor-element-20bbcd3b elementor-section-boxed elementor-section-height-default elementor-section-height-default\" data-id=\"20bbcd3b\" data-element_type=\"section\">\n\t\t\t\t\t\t<div class=\"elementor-container elementor-column-gap-default\">\n\t\t\t\t\t<div class=\"elementor-column elementor-col-100 elementor-top-column elementor-element elementor-element-33be02ef\" data-id=\"33be02ef\" data-element_type=\"column\">\n\t\t\t<div class=\"elementor-widget-wrap elementor-element-populated\">\n\t\t\t\t\t\t\t\t<div class=\"elementor-element elementor-element-6c4a91f9 elementor-widget elementor-widget-text-editor\" data-id=\"6c4a91f9\" data-element_type=\"widget\" data-widget_type=\"text-editor.default\">\n\t\t\t\t<div class=\"elementor-widget-container\">\n\t\t\t<style>\/*! elementor - v3.10.1 - 17-01-2023 *\/\n.elementor-widget-text-editor.elementor-drop-cap-view-stacked .elementor-drop-cap{background-color:#818a91;color:#fff}.elementor-widget-text-editor.elementor-drop-cap-view-framed .elementor-drop-cap{color:#818a91;border:3px solid;background-color:transparent}.elementor-widget-text-editor:not(.elementor-drop-cap-view-default) .elementor-drop-cap{margin-top:8px}.elementor-widget-text-editor:not(.elementor-drop-cap-view-default) .elementor-drop-cap-letter{width:1em;height:1em}.elementor-widget-text-editor .elementor-drop-cap{float:left;text-align:center;line-height:1;font-size:50px}.elementor-widget-text-editor .elementor-drop-cap-letter{display:inline-block}<\/style>\t\t\t\t<p style=\"text-align: center;\"><strong>Mi Gobierno Velar\u00e1 por la Protecci\u00f3n de los Derechos Humanos de 400 Mil Hidalguenses Que Viven en Estados Unidos: Menchaca<\/strong><\/p><p style=\"text-align: center;\"><strong>*El mandatario hidalguense subray\u00f3 que su gobierno mantendr\u00e1 lazos de cooperaci\u00f3n con instancias nacionales e internacionales para defender los derechos de las y los migrantes<\/strong><\/p><p style=\"text-align: center;\"><strong>*Mi gobierno velar\u00e1 por la protecci\u00f3n de los derechos humanos de cerca de 400 mil hidalguenses que viven en Estados Unidos, garantizando que tanto migrantes como sus familias cuenten con el respaldo necesario en el extranjero<\/strong><\/p><p style=\"text-align: center;\"><strong>*Conservar\u00e1 programas sociales y de impulso al desarrollo econ\u00f3mico para inhibir la migraci\u00f3n<\/strong><\/p><p style=\"text-align: center;\"><strong>PACHUCA, Hgo., 25 de Enero de 2023.-<\/strong> \u201cHoy dejamos el discurso e implementamos acciones concretas para beneficio de nuestras y nuestros migrantes\u201d, destac\u00f3 el gobernador Julio Menchaca Salazar al encabezar la instalaci\u00f3n y primera sesi\u00f3n ordinaria del Consejo Estatal para la Protecci\u00f3n y Atenci\u00f3n al Migrante, donde puntualiz\u00f3 que el compromiso de su administraci\u00f3n es romper con las rutinas protocolarias de estas reuniones para atender de manera verdadera las necesidades de todos los sectores poblacionales.<\/p><p style=\"text-align: center;\">Vamos a garantizar la protecci\u00f3n a los derechos humanos de todas y todos los hidalguenses, vivan o no en el estado. Por eso el d\u00eda de hoy instalamos el Consejo Estatal de Atenci\u00f3n y Protecci\u00f3n al Migrante.<\/p><p style=\"text-align: center;\">Queremos que las y los hidalguenses tengan todas las oportunidades para salir adelante, mejorar su calidad de vida y cumplir sus sue\u00f1os sin tener que migrar a otro pa\u00eds.<\/p><p style=\"text-align: center;\">Su talento y capacidades ayudar\u00e1n a desarrollar el m\u00e1ximo potencial de Hidalgo.<\/p><p style=\"text-align: center;\">Estamos avanzando hacia un Hidalgo donde la migraci\u00f3n sea una decisi\u00f3n personal e informada y no una necesidad por falta de oportunidades<\/p><p style=\"text-align: center;\">La grandeza de Hidalgo est\u00e1 en su gente. No importa d\u00f3nde se encuentren, esta siempre ser\u00e1 su tierra y su voz ser\u00e1 escuchada<\/p><p style=\"text-align: center;\">Menchaca Salazar recalc\u00f3 que en coordinaci\u00f3n con el Gobierno de M\u00e9xico y las administraciones municipales, su gobierno velar\u00e1 por la protecci\u00f3n de los derechos humanos de cerca de 400 mil hidalguenses que viven en Estados Unidos, garantizando que tanto migrantes como sus familias cuenten con el respaldo necesario en el extranjero, por ello reconoci\u00f3 la importancia de pol\u00edticas p\u00fablicas que la inhiban: \u201cQue la migraci\u00f3n sea por el deseo de vivir en otro lado y no por falta de trabajo o de oportunidades de desarrollo\u201d.<\/p><p style=\"text-align: center;\">Lament\u00f3 que en anteriores administraciones la toma de fotograf\u00eda oficial en este tipo de espacios causara m\u00e1s preocupaci\u00f3n que el resultado de los trabajos que por ley se tienen encomendados: \u201cVamos a concentrar los esfuerzos en defender los derechos humanos de nuestras paisanas y paisanos, garantizando condiciones de dignidad, decoro y realizaci\u00f3n profesional\u201d.<\/p>\t\t\t\t\t\t<\/div>\n\t\t\t\t<\/div>\n\t\t\t\t\t<\/div>\n\t\t<\/div>\n\t\t\t\t\t\t\t<\/div>\n\t\t<\/section>\n\t\t\t\t\t\t\t<\/div>\n\t\t","protected":false},"excerpt":{"rendered":"<p>Mi Gobierno Velar\u00e1 por la Protecci\u00f3n de los Derechos Humanos de 400 Mil Hidalguenses Que Viven en Estados Unidos: Menchaca *El mandatario hidalguense subray\u00f3 que su gobierno mantendr\u00e1 lazos de cooperaci\u00f3n con instancias nacionales e internacionales para defender los derechos de las y los migrantes *Mi gobierno velar\u00e1 por la protecci\u00f3n de los derechos humanos [&hellip;]<\/p>\n","protected":false},"author":1,"featured_media":1658,"comment_status":"closed","ping_status":"closed","sticky":false,"template":"","format":"standard","meta":[],"categories":[9],"tags":[],"_links":{"self":[{"href":"https:\/\/www.septinoticias.com.mx\/index.php?rest_route=\/wp\/v2\/posts\/1656"}],"collection":[{"href":"https:\/\/www.septinoticias.com.mx\/index.php?rest_route=\/wp\/v2\/posts"}],"about":[{"href":"https:\/\/www.septinoticias.com.mx\/index.php?rest_route=\/wp\/v2\/types\/post"}],"author":[{"embeddable":true,"href":"https:\/\/www.septinoticias.com.mx\/index.php?rest_route=\/wp\/v2\/users\/1"}],"replies":[{"embeddable":true,"href":"https:\/\/www.septinoticias.com.mx\/index.php?rest_route=%2Fwp%2Fv2%2Fcomments&post=1656"}],"version-history":[{"count":4,"href":"https:\/\/www.septinoticias.com.mx\/index.php?rest_route=\/wp\/v2\/posts\/1656\/revisions"}],"predecessor-version":[{"id":1661,"href":"https:\/\/www.septinoticias.com.mx\/index.php?rest_route=\/wp\/v2\/posts\/1656\/revisions\/1661"}],"wp:featuredmedia":[{"embeddable":true,"href":"https:\/\/www.septinoticias.com.mx\/index.php?rest_route=\/wp\/v2\/media\/1658"}],"wp:attachment":[{"href":"https:\/\/www.septinoticias.com.mx\/index.php?rest_route=%2Fwp%2Fv2%2Fmedia&parent=1656"}],"wp:term":[{"taxonomy":"category","embeddable":true,"href":"https:\/\/www.septinoticias.com.mx\/index.php?rest_route=%2Fwp%2Fv2%2Fcategories&post=1656"},{"taxonomy":"post_tag","embeddable":true,"href":"https:\/\/www.septinoticias.com.mx\/index.php?rest_route=%2Fwp%2Fv2%2Ftags&post=1656"}],"curies":[{"name":"wp","href":"https:\/\/api.w.org\/{rel}","templated":true}]}}