{"id":1630,"date":"2023-01-25T05:57:59","date_gmt":"2023-01-25T05:57:59","guid":{"rendered":"https:\/\/www.septinoticias.com.mx\/?p=1630"},"modified":"2023-01-27T06:00:59","modified_gmt":"2023-01-27T06:00:59","slug":"ine-se-lanza-abiertamente-contra-amlo-instruye-a-consejeras-consejeros-y-secretario-ejecutivo-a-presentar-recursos-legales-para-contrarrestar-la-reforma-electoral","status":"publish","type":"post","link":"https:\/\/www.septinoticias.com.mx\/?p=1630","title":{"rendered":"INE se Lanza Abiertamente Contra AMLO Instruye a Consejeras, Consejeros y  Secretario Ejecutivo a Presentar Recursos Legales Para Contrarrestar La Reforma Electoral"},"content":{"rendered":"\t\t<div data-elementor-type=\"wp-post\" data-elementor-id=\"1630\" class=\"elementor elementor-1630\">\n\t\t\t\t\t\t\t\t\t<section class=\"elementor-section elementor-top-section elementor-element elementor-element-20bbcd3b elementor-section-boxed elementor-section-height-default elementor-section-height-default\" data-id=\"20bbcd3b\" data-element_type=\"section\">\n\t\t\t\t\t\t<div class=\"elementor-container elementor-column-gap-default\">\n\t\t\t\t\t<div class=\"elementor-column elementor-col-100 elementor-top-column elementor-element elementor-element-33be02ef\" data-id=\"33be02ef\" data-element_type=\"column\">\n\t\t\t<div class=\"elementor-widget-wrap elementor-element-populated\">\n\t\t\t\t\t\t\t\t<div class=\"elementor-element elementor-element-6c4a91f9 elementor-widget elementor-widget-text-editor\" data-id=\"6c4a91f9\" data-element_type=\"widget\" data-widget_type=\"text-editor.default\">\n\t\t\t\t<div class=\"elementor-widget-container\">\n\t\t\t<style>\/*! elementor - v3.10.1 - 17-01-2023 *\/\n.elementor-widget-text-editor.elementor-drop-cap-view-stacked .elementor-drop-cap{background-color:#818a91;color:#fff}.elementor-widget-text-editor.elementor-drop-cap-view-framed .elementor-drop-cap{color:#818a91;border:3px solid;background-color:transparent}.elementor-widget-text-editor:not(.elementor-drop-cap-view-default) .elementor-drop-cap{margin-top:8px}.elementor-widget-text-editor:not(.elementor-drop-cap-view-default) .elementor-drop-cap-letter{width:1em;height:1em}.elementor-widget-text-editor .elementor-drop-cap{float:left;text-align:center;line-height:1;font-size:50px}.elementor-widget-text-editor .elementor-drop-cap-letter{display:inline-block}<\/style>\t\t\t\t<p style=\"text-align: center;\">Estamos ante la primera reforma regresiva de nuestra democracia: Lorenzo C\u00f3rdova<\/p><p style=\"text-align: center;\"><strong>Ciudad de M\u00e9xico 25 de enero 2023.- <\/strong>El Consejero Presidente del INE, Lorenzo C\u00f3rdova Vianello, afirm\u00f3 que si el proceso legislativo de la reforma legal se culmina y se publican los cambios legales, \u201clo que tendremos delante de nosotros es la primera reforma regresiva de nuestra democracia y estaremos en la antesala de una in\u00e9dita incertidumbre preelectoral y postelectoral en la que ser\u00e1, en 2024, la elecci\u00f3n m\u00e1s grande de nuestra historia\u201d.<\/p><p style=\"text-align: center;\">\u201cLa reforma afecta gravemente las posibilidades del ejercicio del voto ciudadano en condiciones de libertad y equidad, con regularidad y certeza. Es decir, impacta en la recreaci\u00f3n misma de nuestra democracia, tal como se ha construido, colectivamente, a lo largo de tres d\u00e9cadas por varias generaciones de mexicanas y mexicanos\u201d, indic\u00f3 C\u00f3rdova Vianello.<\/p><p style=\"text-align: center;\">En este sentido, el Consejero Presidente apel\u00f3 a la responsabilidad con la Rep\u00fablica y con la estabilidad pol\u00edtica del pa\u00eds de quienes tendr\u00e1n que resolver sobre la constitucionalidad y legalidad de las reformas del \u201cPlan B\u201d. \u201cQue detengan este aut\u00e9ntico desmantelamiento de nuestra democracia\u201d.<\/p><p style=\"text-align: center;\">El INE, recalc\u00f3, acudir\u00e1 a todas las instancias legales \u201cpara defender la democracia, garantizar el derecho de toda la ciudadan\u00eda, incluidas minor\u00edas y tambi\u00e9n, por supuesto, mayor\u00edas a participar en el futuro del pa\u00eds y el derecho de cada ciudadana y ciudadano a ejercer el voto libre y que \u00e9ste sea bien contado y cuente para la conformaci\u00f3n democr\u00e1tica del poder pol\u00edtico en M\u00e9xico\u201d.<\/p><p style=\"text-align: center;\">Lo anterior, luego de que el Consejo General del Instituto Nacional Electoral (INE) conoci\u00f3 el Informe sobre la incidencia en la funci\u00f3n electoral de los decretos de reforma que modifican las leyes generales de Comunicaci\u00f3n Social, de Responsabilidades Administrativas, que fueron publicadas el 27 de diciembre de 2022, as\u00ed como de Instituciones y Procedimientos Electorales, de Partidos Pol\u00edticos, la Ley Org\u00e1nica del Poder Judicial de la Federaci\u00f3n y la Ley General de los Medios de Impugnaci\u00f3n en Materia Electoral, cuyo proceso legislativo continuar\u00e1 a partir del 1 de febrero, y que son conocidas por la opini\u00f3n p\u00fablica como \u201cPlan B\u201d.<\/p><p style=\"text-align: center;\">El documento analiza y explica las implicaciones que tendr\u00edan estas reformas en la celebraci\u00f3n de elecciones libres y aut\u00e9nticas, como lo mandata la Constituci\u00f3n, y las afectaciones en materia de autonom\u00eda del Instituto Nacional Electoral, la estructura territorial de los \u00f3rganos ejecutivos del INE en los 300 distritos electorales y en las 32 entidades federativas, los procedimientos de capacitaci\u00f3n y organizaci\u00f3n electoral, los avances para combatir la violencia pol\u00edtica contra las mujeres en raz\u00f3n de g\u00e9nero y las acciones afirmativas para potenciar la representaci\u00f3n pol\u00edtica de n\u00facleos de la poblaci\u00f3n tradicionalmente desfavorecidos.<\/p><p style=\"text-align: center;\">Adem\u00e1s se se\u00f1alan consecuencias en materia de fiscalizaci\u00f3n de los ingresos y gastos de los actores pol\u00edticos, el cumplimiento de las obligaciones de los partidos pol\u00edticos, la protecci\u00f3n de los datos personales de la ciudadan\u00eda, los derechos laborales de quienes integran el Servicio Profesional Electoral Nacional y la Rama Administrativa de los Organismos P\u00fablicos Locales, as\u00ed como el respeto al pacto federal y la libre configuraci\u00f3n legislativa de las entidades federativas que se ven afectados en diversa graduaci\u00f3n por las reformas electorales.<\/p><p style=\"text-align: center;\">El Informe tiene como objetivo poner a disposici\u00f3n de la ciudadan\u00eda la opini\u00f3n especializada del \u00f3rgano del Estado mexicano encargado, junto con los Organismos P\u00fablicos Locales, de organizar los comicios para la renovaci\u00f3n de las instancias p\u00fablicas mediante el sufragio, sobre los riesgos que podr\u00edan ocasionarse con algunas de las reformas y, especialmente, para el ejercicio, garant\u00eda y defensa de derechos pol\u00edtico-electorales fundamentales de las ciudadanas y ciudadanos mexicanos.<\/p>\t\t\t\t\t\t<\/div>\n\t\t\t\t<\/div>\n\t\t\t\t\t<\/div>\n\t\t<\/div>\n\t\t\t\t\t\t\t<\/div>\n\t\t<\/section>\n\t\t\t\t\t\t\t<\/div>\n\t\t","protected":false},"excerpt":{"rendered":"<p>Estamos ante la primera reforma regresiva de nuestra democracia: Lorenzo C\u00f3rdova Ciudad de M\u00e9xico 25 de enero 2023.- El Consejero Presidente del INE, Lorenzo C\u00f3rdova Vianello, afirm\u00f3 que si el proceso legislativo de la reforma legal se culmina y se publican los cambios legales, \u201clo que tendremos delante de nosotros es la primera reforma regresiva [&hellip;]<\/p>\n","protected":false},"author":1,"featured_media":1633,"comment_status":"closed","ping_status":"closed","sticky":false,"template":"","format":"standard","meta":[],"categories":[8],"tags":[],"_links":{"self":[{"href":"https:\/\/www.septinoticias.com.mx\/index.php?rest_route=\/wp\/v2\/posts\/1630"}],"collection":[{"href":"https:\/\/www.septinoticias.com.mx\/index.php?rest_route=\/wp\/v2\/posts"}],"about":[{"href":"https:\/\/www.septinoticias.com.mx\/index.php?rest_route=\/wp\/v2\/types\/post"}],"author":[{"embeddable":true,"href":"https:\/\/www.septinoticias.com.mx\/index.php?rest_route=\/wp\/v2\/users\/1"}],"replies":[{"embeddable":true,"href":"https:\/\/www.septinoticias.com.mx\/index.php?rest_route=%2Fwp%2Fv2%2Fcomments&post=1630"}],"version-history":[{"count":4,"href":"https:\/\/www.septinoticias.com.mx\/index.php?rest_route=\/wp\/v2\/posts\/1630\/revisions"}],"predecessor-version":[{"id":1636,"href":"https:\/\/www.septinoticias.com.mx\/index.php?rest_route=\/wp\/v2\/posts\/1630\/revisions\/1636"}],"wp:featuredmedia":[{"embeddable":true,"href":"https:\/\/www.septinoticias.com.mx\/index.php?rest_route=\/wp\/v2\/media\/1633"}],"wp:attachment":[{"href":"https:\/\/www.septinoticias.com.mx\/index.php?rest_route=%2Fwp%2Fv2%2Fmedia&parent=1630"}],"wp:term":[{"taxonomy":"category","embeddable":true,"href":"https:\/\/www.septinoticias.com.mx\/index.php?rest_route=%2Fwp%2Fv2%2Fcategories&post=1630"},{"taxonomy":"post_tag","embeddable":true,"href":"https:\/\/www.septinoticias.com.mx\/index.php?rest_route=%2Fwp%2Fv2%2Ftags&post=1630"}],"curies":[{"name":"wp","href":"https:\/\/api.w.org\/{rel}","templated":true}]}}