{"id":1547,"date":"2023-01-23T18:48:57","date_gmt":"2023-01-23T18:48:57","guid":{"rendered":"https:\/\/www.septinoticias.com.mx\/?p=1547"},"modified":"2023-01-24T18:50:55","modified_gmt":"2023-01-24T18:50:55","slug":"27-de-enero-no-habra-clases-en-educacion-basica","status":"publish","type":"post","link":"https:\/\/www.septinoticias.com.mx\/?p=1547","title":{"rendered":"27 de Enero no Habr\u00e1 Clases en Educaci\u00f3n B\u00e1sica"},"content":{"rendered":"\t\t<div data-elementor-type=\"wp-post\" data-elementor-id=\"1547\" class=\"elementor elementor-1547\">\n\t\t\t\t\t\t\t\t\t<section class=\"elementor-section elementor-top-section elementor-element elementor-element-20bbcd3b elementor-section-boxed elementor-section-height-default elementor-section-height-default\" data-id=\"20bbcd3b\" data-element_type=\"section\">\n\t\t\t\t\t\t<div class=\"elementor-container elementor-column-gap-default\">\n\t\t\t\t\t<div class=\"elementor-column elementor-col-100 elementor-top-column elementor-element elementor-element-33be02ef\" data-id=\"33be02ef\" data-element_type=\"column\">\n\t\t\t<div class=\"elementor-widget-wrap elementor-element-populated\">\n\t\t\t\t\t\t\t\t<div class=\"elementor-element elementor-element-6c4a91f9 elementor-widget elementor-widget-text-editor\" data-id=\"6c4a91f9\" data-element_type=\"widget\" data-widget_type=\"text-editor.default\">\n\t\t\t\t<div class=\"elementor-widget-container\">\n\t\t\t<style>\/*! elementor - v3.10.1 - 17-01-2023 *\/\n.elementor-widget-text-editor.elementor-drop-cap-view-stacked .elementor-drop-cap{background-color:#818a91;color:#fff}.elementor-widget-text-editor.elementor-drop-cap-view-framed .elementor-drop-cap{color:#818a91;border:3px solid;background-color:transparent}.elementor-widget-text-editor:not(.elementor-drop-cap-view-default) .elementor-drop-cap{margin-top:8px}.elementor-widget-text-editor:not(.elementor-drop-cap-view-default) .elementor-drop-cap-letter{width:1em;height:1em}.elementor-widget-text-editor .elementor-drop-cap{float:left;text-align:center;line-height:1;font-size:50px}.elementor-widget-text-editor .elementor-drop-cap-letter{display:inline-block}<\/style>\t\t\t\t<p style=\"text-align: center;\"><strong>Pachuca, Hgo. 23 de enero 2023.- <\/strong>El pr\u00f3ximo viernes 27 de enero no habr\u00e1 clases en las escuelas de educaci\u00f3n b\u00e1sica en el estado debido a que se llevar\u00e1 a cabo la sesi\u00f3n del Consejo T\u00e9cnico Escolar, de acuerdo con el calendario oficial de la Secretar\u00eda de Educaci\u00f3n P\u00fablica (SEP).<\/p><p style=\"text-align: center;\">Ese mismo d\u00eda se desarrollar\u00e1 el Taller Intensivo de Formaci\u00f3n Continua para Docentes Nuevos Planes y Programas de Estudio, se trata de un espacio para el ejercicio pleno de la autonom\u00eda profesional, del trabajo colaborativo y del di\u00e1logo colegiado para el proceso del codise\u00f1o que en esta jornada abordar\u00e1n.<\/p><p style=\"text-align: center;\">En la entidad sesionar\u00e1n cinco mil 959 escuelas de Educaci\u00f3n B\u00e1sica, en tres mil 855 Consejos T\u00e9cnicos Escolares, desagregados en tres mil 498 Consejos T\u00e9cnicos Escolares y 357 Consejos T\u00e9cnicos Sectoriales, as\u00ed como 556 supervisores escolares.<\/p><p style=\"text-align: center;\">La participaci\u00f3n de docentes en el CTE y el taller intensivo de formaci\u00f3n continua del nuevo plan y programas de estudio est\u00e1 prevista adem\u00e1s para el 24 de febrero, 31 de marzo, 28 de abril, 26 de mayo y 30 de junio.<\/p><p style=\"text-align: center;\">Seg\u00fan el calendario escolar 2022-2023, el lunes seis de febrero tambi\u00e9n habr\u00e1 suspensi\u00f3n de labores docentes por la conmemoraci\u00f3n de la Constituci\u00f3n Pol\u00edtica de los Estados Unidos Mexicanos, conocida tambi\u00e9n como Carta Magna o Ley Fundamental.<\/p><p style=\"text-align: center;\">El fin de cursos est\u00e1 programado para el 18 de julio de 2023, por lo que del mi\u00e9rcoles 19 al martes 25, de ese mes, se aplicar\u00e1n ex\u00e1menes profesionales.<\/p>\t\t\t\t\t\t<\/div>\n\t\t\t\t<\/div>\n\t\t\t\t\t<\/div>\n\t\t<\/div>\n\t\t\t\t\t\t\t<\/div>\n\t\t<\/section>\n\t\t\t\t\t\t\t<\/div>\n\t\t","protected":false},"excerpt":{"rendered":"<p>Pachuca, Hgo. 23 de enero 2023.- El pr\u00f3ximo viernes 27 de enero no habr\u00e1 clases en las escuelas de educaci\u00f3n b\u00e1sica en el estado debido a que se llevar\u00e1 a cabo la sesi\u00f3n del Consejo T\u00e9cnico Escolar, de acuerdo con el calendario oficial de la Secretar\u00eda de Educaci\u00f3n P\u00fablica (SEP). Ese mismo d\u00eda se desarrollar\u00e1 [&hellip;]<\/p>\n","protected":false},"author":1,"featured_media":1552,"comment_status":"closed","ping_status":"closed","sticky":false,"template":"","format":"standard","meta":[],"categories":[4],"tags":[],"_links":{"self":[{"href":"https:\/\/www.septinoticias.com.mx\/index.php?rest_route=\/wp\/v2\/posts\/1547"}],"collection":[{"href":"https:\/\/www.septinoticias.com.mx\/index.php?rest_route=\/wp\/v2\/posts"}],"about":[{"href":"https:\/\/www.septinoticias.com.mx\/index.php?rest_route=\/wp\/v2\/types\/post"}],"author":[{"embeddable":true,"href":"https:\/\/www.septinoticias.com.mx\/index.php?rest_route=\/wp\/v2\/users\/1"}],"replies":[{"embeddable":true,"href":"https:\/\/www.septinoticias.com.mx\/index.php?rest_route=%2Fwp%2Fv2%2Fcomments&post=1547"}],"version-history":[{"count":7,"href":"https:\/\/www.septinoticias.com.mx\/index.php?rest_route=\/wp\/v2\/posts\/1547\/revisions"}],"predecessor-version":[{"id":1555,"href":"https:\/\/www.septinoticias.com.mx\/index.php?rest_route=\/wp\/v2\/posts\/1547\/revisions\/1555"}],"wp:featuredmedia":[{"embeddable":true,"href":"https:\/\/www.septinoticias.com.mx\/index.php?rest_route=\/wp\/v2\/media\/1552"}],"wp:attachment":[{"href":"https:\/\/www.septinoticias.com.mx\/index.php?rest_route=%2Fwp%2Fv2%2Fmedia&parent=1547"}],"wp:term":[{"taxonomy":"category","embeddable":true,"href":"https:\/\/www.septinoticias.com.mx\/index.php?rest_route=%2Fwp%2Fv2%2Fcategories&post=1547"},{"taxonomy":"post_tag","embeddable":true,"href":"https:\/\/www.septinoticias.com.mx\/index.php?rest_route=%2Fwp%2Fv2%2Ftags&post=1547"}],"curies":[{"name":"wp","href":"https:\/\/api.w.org\/{rel}","templated":true}]}}