{"id":1536,"date":"2023-01-24T18:45:46","date_gmt":"2023-01-24T18:45:46","guid":{"rendered":"https:\/\/www.septinoticias.com.mx\/?p=1536"},"modified":"2023-01-24T18:46:46","modified_gmt":"2023-01-24T18:46:46","slug":"disminuyo-en-pachuca-la-percepcion-de-inseguridad-en-ocho-puntos-banos","status":"publish","type":"post","link":"https:\/\/www.septinoticias.com.mx\/?p=1536","title":{"rendered":"Disminuy\u00f3 en Pachuca la Percepci\u00f3n de Inseguridad en Ocho Puntos: Ba\u00f1os"},"content":{"rendered":"\t\t<div data-elementor-type=\"wp-post\" data-elementor-id=\"1536\" class=\"elementor elementor-1536\">\n\t\t\t\t\t\t\t\t\t<section class=\"elementor-section elementor-top-section elementor-element elementor-element-20bbcd3b elementor-section-boxed elementor-section-height-default elementor-section-height-default\" data-id=\"20bbcd3b\" data-element_type=\"section\">\n\t\t\t\t\t\t<div class=\"elementor-container elementor-column-gap-default\">\n\t\t\t\t\t<div class=\"elementor-column elementor-col-100 elementor-top-column elementor-element elementor-element-33be02ef\" data-id=\"33be02ef\" data-element_type=\"column\">\n\t\t\t<div class=\"elementor-widget-wrap elementor-element-populated\">\n\t\t\t\t\t\t\t\t<div class=\"elementor-element elementor-element-6c4a91f9 elementor-widget elementor-widget-text-editor\" data-id=\"6c4a91f9\" data-element_type=\"widget\" data-widget_type=\"text-editor.default\">\n\t\t\t\t<div class=\"elementor-widget-container\">\n\t\t\t<style>\/*! elementor - v3.10.1 - 17-01-2023 *\/\n.elementor-widget-text-editor.elementor-drop-cap-view-stacked .elementor-drop-cap{background-color:#818a91;color:#fff}.elementor-widget-text-editor.elementor-drop-cap-view-framed .elementor-drop-cap{color:#818a91;border:3px solid;background-color:transparent}.elementor-widget-text-editor:not(.elementor-drop-cap-view-default) .elementor-drop-cap{margin-top:8px}.elementor-widget-text-editor:not(.elementor-drop-cap-view-default) .elementor-drop-cap-letter{width:1em;height:1em}.elementor-widget-text-editor .elementor-drop-cap{float:left;text-align:center;line-height:1;font-size:50px}.elementor-widget-text-editor .elementor-drop-cap-letter{display:inline-block}<\/style>\t\t\t\t<p style=\"text-align: center;\"><strong>Pachuca, Hgo. 23 de enero 2023.- <\/strong>La percepci\u00f3n de inseguridad disminuy\u00f3 en la capital hidalguense m\u00e1s de ocho puntos, pas\u00f3 del 49.8 a 40.9 por ciento de septiembre a diciembre del 2022, por lo que el presidente municipal Sergio Ba\u00f1os Rubio, refrend\u00f3 su compromiso para garantizar la seguridad de los ciudadanos.<\/p><p style=\"text-align: center;\">En conferencia de prensa, el alcalde indic\u00f3 que de acuerdo a datos de la Encuesta de Seguridad P\u00fablica Urbana (ENSU), realizada por el INEGI, Pachuca registr\u00f3 en 2021, 49.3 por ciento de esta apreciaci\u00f3n y a finales del 2022, tuvo 40.9 por ciento, lo que represent\u00f3 un decrecimiento:<\/p><p style=\"text-align: center;\">\u201cEs muy importante seguir trabajando todos los d\u00edas intensamente por mantener una ciudad pac\u00edfica; sin lugar a duda todo esto permea a las inversiones, al empleo y que tengan confianza en esta ciudad que sigue en proyecciones de crecimiento\u201d, extern\u00f3.<\/p><p style=\"text-align: center;\">De igual modo, Ba\u00f1os Rubio, ratific\u00f3 que las estrategias de seguridad continuar\u00e1n: \u201cDebemos seguir cercanos a la gente, escuchando y creando programas sociales en cuesti\u00f3n de seguridad, seguir haciendo rondines\u201d, expres\u00f3.<\/p><p style=\"text-align: center;\">Asimismo, estas cifras revelaron que la poblaci\u00f3n de 18 a\u00f1os y m\u00e1s que experiment\u00f3 conflictos o enfrentamientos, disminuy\u00f3 del 35 al 30.3% del tercer, al cuarto semestre del 2022: \u201cPachuca se encuentra muy por debajo de los \u00edndices de la media nacional que es de 64.2 por ciento\u201d, explic\u00f3 el presidente.<\/p><p style=\"text-align: center;\">Adem\u00e1s, Ba\u00f1os Rubio, reiter\u00f3 que trabaja en conjunto con la Secretar\u00eda de Seguridad Municipal, para mantener una ciudad m\u00e1s segura: \u201cComo ustedes lo saben, entregamos a inicio de a\u00f1o patrullas a nuestros elementos, as\u00ed como uniformes, entonces eso es nuestro compromiso seguir trabajando\u201d, finaliz\u00f3.<\/p>\t\t\t\t\t\t<\/div>\n\t\t\t\t<\/div>\n\t\t\t\t\t<\/div>\n\t\t<\/div>\n\t\t\t\t\t\t\t<\/div>\n\t\t<\/section>\n\t\t\t\t\t\t\t<\/div>\n\t\t","protected":false},"excerpt":{"rendered":"<p>Pachuca, Hgo. 23 de enero 2023.- La percepci\u00f3n de inseguridad disminuy\u00f3 en la capital hidalguense m\u00e1s de ocho puntos, pas\u00f3 del 49.8 a 40.9 por ciento de septiembre a diciembre del 2022, por lo que el presidente municipal Sergio Ba\u00f1os Rubio, refrend\u00f3 su compromiso para garantizar la seguridad de los ciudadanos. En conferencia de prensa, [&hellip;]<\/p>\n","protected":false},"author":1,"featured_media":1538,"comment_status":"closed","ping_status":"closed","sticky":false,"template":"","format":"standard","meta":[],"categories":[7],"tags":[],"_links":{"self":[{"href":"https:\/\/www.septinoticias.com.mx\/index.php?rest_route=\/wp\/v2\/posts\/1536"}],"collection":[{"href":"https:\/\/www.septinoticias.com.mx\/index.php?rest_route=\/wp\/v2\/posts"}],"about":[{"href":"https:\/\/www.septinoticias.com.mx\/index.php?rest_route=\/wp\/v2\/types\/post"}],"author":[{"embeddable":true,"href":"https:\/\/www.septinoticias.com.mx\/index.php?rest_route=\/wp\/v2\/users\/1"}],"replies":[{"embeddable":true,"href":"https:\/\/www.septinoticias.com.mx\/index.php?rest_route=%2Fwp%2Fv2%2Fcomments&post=1536"}],"version-history":[{"count":4,"href":"https:\/\/www.septinoticias.com.mx\/index.php?rest_route=\/wp\/v2\/posts\/1536\/revisions"}],"predecessor-version":[{"id":1541,"href":"https:\/\/www.septinoticias.com.mx\/index.php?rest_route=\/wp\/v2\/posts\/1536\/revisions\/1541"}],"wp:featuredmedia":[{"embeddable":true,"href":"https:\/\/www.septinoticias.com.mx\/index.php?rest_route=\/wp\/v2\/media\/1538"}],"wp:attachment":[{"href":"https:\/\/www.septinoticias.com.mx\/index.php?rest_route=%2Fwp%2Fv2%2Fmedia&parent=1536"}],"wp:term":[{"taxonomy":"category","embeddable":true,"href":"https:\/\/www.septinoticias.com.mx\/index.php?rest_route=%2Fwp%2Fv2%2Fcategories&post=1536"},{"taxonomy":"post_tag","embeddable":true,"href":"https:\/\/www.septinoticias.com.mx\/index.php?rest_route=%2Fwp%2Fv2%2Ftags&post=1536"}],"curies":[{"name":"wp","href":"https:\/\/api.w.org\/{rel}","templated":true}]}}