{"id":143845,"date":"2026-09-03T07:44:40","date_gmt":"2026-09-03T07:44:40","guid":{"rendered":"https:\/\/www.septinoticias.com.mx\/?p=143845"},"modified":"2026-09-03T14:45:47","modified_gmt":"2026-09-03T14:45:47","slug":"despacho-del-gobernador-afianza-recuperacion-de-espacios-publicos-para-la-cultura-y-el-deporte","status":"publish","type":"post","link":"https:\/\/www.septinoticias.com.mx\/?p=143845","title":{"rendered":"Despacho del Gobernador Afianza Recuperaci\u00f3n de Espacios P\u00fablicos Para la Cultura y el Deporte"},"content":{"rendered":"\t\t<div data-elementor-type=\"wp-post\" data-elementor-id=\"143845\" class=\"elementor elementor-143845\">\n\t\t\t\t\t\t\t\t\t<section class=\"elementor-section elementor-top-section elementor-element elementor-element-20bbcd3b elementor-section-boxed elementor-section-height-default elementor-section-height-default\" data-id=\"20bbcd3b\" data-element_type=\"section\">\n\t\t\t\t\t\t<div class=\"elementor-container elementor-column-gap-default\">\n\t\t\t\t\t<div class=\"elementor-column elementor-col-100 elementor-top-column elementor-element elementor-element-33be02ef\" data-id=\"33be02ef\" data-element_type=\"column\">\n\t\t\t<div class=\"elementor-widget-wrap elementor-element-populated\">\n\t\t\t\t\t\t\t\t<div class=\"elementor-element elementor-element-6c4a91f9 elementor-widget elementor-widget-text-editor\" data-id=\"6c4a91f9\" data-element_type=\"widget\" data-widget_type=\"text-editor.default\">\n\t\t\t\t<div class=\"elementor-widget-container\">\n\t\t\t<style>\/*! elementor - v3.10.1 - 17-01-2023 *\/\n.elementor-widget-text-editor.elementor-drop-cap-view-stacked .elementor-drop-cap{background-color:#818a91;color:#fff}.elementor-widget-text-editor.elementor-drop-cap-view-framed .elementor-drop-cap{color:#818a91;border:3px solid;background-color:transparent}.elementor-widget-text-editor:not(.elementor-drop-cap-view-default) .elementor-drop-cap{margin-top:8px}.elementor-widget-text-editor:not(.elementor-drop-cap-view-default) .elementor-drop-cap-letter{width:1em;height:1em}.elementor-widget-text-editor .elementor-drop-cap{float:left;text-align:center;line-height:1;font-size:50px}.elementor-widget-text-editor .elementor-drop-cap-letter{display:inline-block}<\/style>\t\t\t\t<p><strong>&#8211;\u00a0 En 4 a\u00f1os, m\u00e1s de 4 mil 800 personas han acudido al Palco del Pueblo en m\u00e1s de 100 partidos.<\/strong><\/p><p><strong>&#8211;\u00a0 A trav\u00e9s de 5 intervenciones gr\u00e1ficas, el Edificio del Gobierno de Hidalgo ha albergado las obras de 65 artistas.<\/strong><\/p><p><strong>Pachuca, Hgo., 2 de septiembre de 2026.-<\/strong>A cuatro a\u00f1os del arranque del gobierno encabezado por Julio Menchaca Salazar, la Secretar\u00eda del Despacho del Poder Ejecutivo del Estado contin\u00faa impulsando una administraci\u00f3n cercana, en donde los espacios p\u00fablicos sean tambi\u00e9n lugares para la convivencia, la cultura y la participaci\u00f3n de las familias hidalguenses.<\/p><p>Bajo la instrucci\u00f3n y visi\u00f3n del gobernador hidalguense, el denominado \u201cPalco del Pueblo\u201d abri\u00f3 sus puertas en 102 ocasiones, recibiendo a 4 mil 805 personas, entre ellas mil 695 ni\u00f1as y ni\u00f1os. La iniciativa parte de una idea sencilla: que distintas comunidades puedan disfrutar y hacer suyo un espacio que forma parte de la vida deportiva y social de la entidad.<\/p><p>Esta recuperaci\u00f3n de espacios tambi\u00e9n alcanza al Edificio de Gobierno, donde se han realizado cinco intervenciones gr\u00e1ficas con la participaci\u00f3n de 65 artistas hidalguenses, con ello, dicho espacio institucional se ha convertido en un lugar para mostrar el talento, las ideas y las distintas expresiones de quienes crean en Hidalgo.<\/p><p>Al igual, la intervenci\u00f3n de espacios p\u00fablicos se llev\u00f3 a cabo en diversos municipios a trav\u00e9s del programa Muralismo 2025, por el cual nueve artistas plasmaron el mismo n\u00famero de obras monumentales, las que se sumaron a los tres murales creados en el Parque Cultural Hidalguense.<\/p><p>Estas acciones forman parte de los trabajos desarrollados por el Despacho del Gobernador, que encabeza Alejandro Vel\u00e1zquez Mendoza, bajo la premisa de que lo p\u00fablico est\u00e9 cada vez m\u00e1s cerca de la gente y que los espacios que pertenecen a todas y todos puedan ser disfrutados, habitados y expresados por el pueblo.<\/p>\t\t\t\t\t\t<\/div>\n\t\t\t\t<\/div>\n\t\t\t\t\t<\/div>\n\t\t<\/div>\n\t\t\t\t\t\t\t<\/div>\n\t\t<\/section>\n\t\t\t\t\t\t\t<\/div>\n\t\t","protected":false},"excerpt":{"rendered":"<p>&#8211;\u00a0 En 4 a\u00f1os, m\u00e1s de 4 mil 800 personas han acudido al Palco del Pueblo en m\u00e1s de 100 partidos. &#8211;\u00a0 A trav\u00e9s de 5 intervenciones gr\u00e1ficas, el Edificio del Gobierno de Hidalgo ha albergado las obras de 65 artistas. Pachuca, Hgo., 2 de septiembre de 2026.-A cuatro a\u00f1os del arranque del gobierno encabezado [&hellip;]<\/p>\n","protected":false},"author":1,"featured_media":143847,"comment_status":"closed","ping_status":"closed","sticky":false,"template":"","format":"standard","meta":[],"categories":[9],"tags":[],"_links":{"self":[{"href":"https:\/\/www.septinoticias.com.mx\/index.php?rest_route=\/wp\/v2\/posts\/143845"}],"collection":[{"href":"https:\/\/www.septinoticias.com.mx\/index.php?rest_route=\/wp\/v2\/posts"}],"about":[{"href":"https:\/\/www.septinoticias.com.mx\/index.php?rest_route=\/wp\/v2\/types\/post"}],"author":[{"embeddable":true,"href":"https:\/\/www.septinoticias.com.mx\/index.php?rest_route=\/wp\/v2\/users\/1"}],"replies":[{"embeddable":true,"href":"https:\/\/www.septinoticias.com.mx\/index.php?rest_route=%2Fwp%2Fv2%2Fcomments&post=143845"}],"version-history":[{"count":4,"href":"https:\/\/www.septinoticias.com.mx\/index.php?rest_route=\/wp\/v2\/posts\/143845\/revisions"}],"predecessor-version":[{"id":143850,"href":"https:\/\/www.septinoticias.com.mx\/index.php?rest_route=\/wp\/v2\/posts\/143845\/revisions\/143850"}],"wp:featuredmedia":[{"embeddable":true,"href":"https:\/\/www.septinoticias.com.mx\/index.php?rest_route=\/wp\/v2\/media\/143847"}],"wp:attachment":[{"href":"https:\/\/www.septinoticias.com.mx\/index.php?rest_route=%2Fwp%2Fv2%2Fmedia&parent=143845"}],"wp:term":[{"taxonomy":"category","embeddable":true,"href":"https:\/\/www.septinoticias.com.mx\/index.php?rest_route=%2Fwp%2Fv2%2Fcategories&post=143845"},{"taxonomy":"post_tag","embeddable":true,"href":"https:\/\/www.septinoticias.com.mx\/index.php?rest_route=%2Fwp%2Fv2%2Ftags&post=143845"}],"curies":[{"name":"wp","href":"https:\/\/api.w.org\/{rel}","templated":true}]}}