{"id":143839,"date":"2026-09-03T07:41:06","date_gmt":"2026-09-03T07:41:06","guid":{"rendered":"https:\/\/www.septinoticias.com.mx\/?p=143839"},"modified":"2026-09-03T14:44:36","modified_gmt":"2026-09-03T14:44:36","slug":"homenaje-a-jose-jose-recordara-los-grandes-exitos-del-principe-de-la-cancion","status":"publish","type":"post","link":"https:\/\/www.septinoticias.com.mx\/?p=143839","title":{"rendered":"Homenaje a Jos\u00e9 Jos\u00e9 Recordar\u00e1 los Grandes \u00c9xitos del Pr\u00edncipe de la Canci\u00f3n"},"content":{"rendered":"\t\t<div data-elementor-type=\"wp-post\" data-elementor-id=\"143839\" class=\"elementor elementor-143839\">\n\t\t\t\t\t\t\t\t\t<section class=\"elementor-section elementor-top-section elementor-element elementor-element-20bbcd3b elementor-section-boxed elementor-section-height-default elementor-section-height-default\" data-id=\"20bbcd3b\" data-element_type=\"section\">\n\t\t\t\t\t\t<div class=\"elementor-container elementor-column-gap-default\">\n\t\t\t\t\t<div class=\"elementor-column elementor-col-100 elementor-top-column elementor-element elementor-element-33be02ef\" data-id=\"33be02ef\" data-element_type=\"column\">\n\t\t\t<div class=\"elementor-widget-wrap elementor-element-populated\">\n\t\t\t\t\t\t\t\t<div class=\"elementor-element elementor-element-6c4a91f9 elementor-widget elementor-widget-text-editor\" data-id=\"6c4a91f9\" data-element_type=\"widget\" data-widget_type=\"text-editor.default\">\n\t\t\t\t<div class=\"elementor-widget-container\">\n\t\t\t<style>\/*! elementor - v3.10.1 - 17-01-2023 *\/\n.elementor-widget-text-editor.elementor-drop-cap-view-stacked .elementor-drop-cap{background-color:#818a91;color:#fff}.elementor-widget-text-editor.elementor-drop-cap-view-framed .elementor-drop-cap{color:#818a91;border:3px solid;background-color:transparent}.elementor-widget-text-editor:not(.elementor-drop-cap-view-default) .elementor-drop-cap{margin-top:8px}.elementor-widget-text-editor:not(.elementor-drop-cap-view-default) .elementor-drop-cap-letter{width:1em;height:1em}.elementor-widget-text-editor .elementor-drop-cap{float:left;text-align:center;line-height:1;font-size:50px}.elementor-widget-text-editor .elementor-drop-cap-letter{display:inline-block}<\/style>\t\t\t\t<p><strong>*Los temas del aclamado \u00e1lbum Secretos, de 1983, se reunir\u00e1n en un popurr\u00ed<\/strong><\/p><p><strong>Pachuca, Hgo., 2 de septiembre de 2026.-<\/strong>La Secretar\u00eda de Cultura del Estado de Hidalgo presenta Jos\u00e9 Jos\u00e9 Sinf\u00f3nico, Homenaje al Pr\u00edncipe de la Canci\u00f3n, un concierto \u00fanico que recuerda los grandes \u00e9xitos del artista, interpretados por la Orquesta Sinf\u00f3nica del Estado de Hidalgo (OSEH), cuyo director es H\u00e9ctor Javier Reyes Bonilla.<\/p><p>La invitaci\u00f3n es para el jueves 17 de septiembre, a las 19:00 horas, en el Auditorio Gota de Plata, en donde se contar\u00e1 con las participaciones de los cantantes David Argel Cruz, Jjuncoreano, Julio Trejo y Armando G\u00f3mez Mart\u00ednez.<\/p><p>Dentro del repertorio programado se presentar\u00e1n temas como \u201cEl triste\u201d, tema que consolid\u00f3 a Jos\u00e9 Jos\u00e9 como uno de los int\u00e9rpretes m\u00e1s destacados de M\u00e9xico y Latinoam\u00e9rica.<\/p><p>Asimismo, escuchar\u00e1n composiciones como \u201cGavil\u00e1n o paloma\u201d, \u201cLo pasado pasado\u201d, \u201cLo que no fue no ser\u00e1\u201d, \u201cSi me dejas ahora\u201d, \u201cVolc\u00e1n\u201d, \u201cO t\u00fa o yo\u201d, \u201cEl amar y querer\u201d, \u201cAlmohada\u201d, \u201cSer\u00e9\u201d, \u201cBuenos d\u00edas, amor\u201d, \u201cLa nave del olvido\u201d, \u201cNo me platiques m\u00e1s\u201d y \u201cAmnesia\u201d.<\/p><p>Y como parte del final del programa, el Popurr\u00ed Secretos reunir\u00e1 algunos de los grandes \u00e9xitos del aclamado \u00e1lbum Secretos (1983), canciones que combinan letras de nostalgia, desamor y romance.<\/p><p>Los boletos para el concierto se pueden adquirir en el Teatro Hidalgo Bartolom\u00e9 de Medina, en el Centro Cultural del Ferrocarril y a trav\u00e9s de la Taquilla Digital en: https:\/\/taquilla.cecultah.gob.mx\/events\/concierto-jose-jose-sinfonico-2026\/<\/p><p>A trav\u00e9s de estas actividades, el gobierno de Julio Menchaca Salazar, a trav\u00e9s de la Secretar\u00eda de Cultura, refuerza las estrategias de apoyo a la expresi\u00f3n art\u00edstica de m\u00fasicos y cantantes hidalguenses.<\/p>\t\t\t\t\t\t<\/div>\n\t\t\t\t<\/div>\n\t\t\t\t\t<\/div>\n\t\t<\/div>\n\t\t\t\t\t\t\t<\/div>\n\t\t<\/section>\n\t\t\t\t\t\t\t<\/div>\n\t\t","protected":false},"excerpt":{"rendered":"<p>*Los temas del aclamado \u00e1lbum Secretos, de 1983, se reunir\u00e1n en un popurr\u00ed Pachuca, Hgo., 2 de septiembre de 2026.-La Secretar\u00eda de Cultura del Estado de Hidalgo presenta Jos\u00e9 Jos\u00e9 Sinf\u00f3nico, Homenaje al Pr\u00edncipe de la Canci\u00f3n, un concierto \u00fanico que recuerda los grandes \u00e9xitos del artista, interpretados por la Orquesta Sinf\u00f3nica del Estado de [&hellip;]<\/p>\n","protected":false},"author":1,"featured_media":143841,"comment_status":"closed","ping_status":"closed","sticky":false,"template":"","format":"standard","meta":[],"categories":[9],"tags":[],"_links":{"self":[{"href":"https:\/\/www.septinoticias.com.mx\/index.php?rest_route=\/wp\/v2\/posts\/143839"}],"collection":[{"href":"https:\/\/www.septinoticias.com.mx\/index.php?rest_route=\/wp\/v2\/posts"}],"about":[{"href":"https:\/\/www.septinoticias.com.mx\/index.php?rest_route=\/wp\/v2\/types\/post"}],"author":[{"embeddable":true,"href":"https:\/\/www.septinoticias.com.mx\/index.php?rest_route=\/wp\/v2\/users\/1"}],"replies":[{"embeddable":true,"href":"https:\/\/www.septinoticias.com.mx\/index.php?rest_route=%2Fwp%2Fv2%2Fcomments&post=143839"}],"version-history":[{"count":4,"href":"https:\/\/www.septinoticias.com.mx\/index.php?rest_route=\/wp\/v2\/posts\/143839\/revisions"}],"predecessor-version":[{"id":143844,"href":"https:\/\/www.septinoticias.com.mx\/index.php?rest_route=\/wp\/v2\/posts\/143839\/revisions\/143844"}],"wp:featuredmedia":[{"embeddable":true,"href":"https:\/\/www.septinoticias.com.mx\/index.php?rest_route=\/wp\/v2\/media\/143841"}],"wp:attachment":[{"href":"https:\/\/www.septinoticias.com.mx\/index.php?rest_route=%2Fwp%2Fv2%2Fmedia&parent=143839"}],"wp:term":[{"taxonomy":"category","embeddable":true,"href":"https:\/\/www.septinoticias.com.mx\/index.php?rest_route=%2Fwp%2Fv2%2Fcategories&post=143839"},{"taxonomy":"post_tag","embeddable":true,"href":"https:\/\/www.septinoticias.com.mx\/index.php?rest_route=%2Fwp%2Fv2%2Ftags&post=143839"}],"curies":[{"name":"wp","href":"https:\/\/api.w.org\/{rel}","templated":true}]}}