{"id":143832,"date":"2026-09-03T07:38:32","date_gmt":"2026-09-03T07:38:32","guid":{"rendered":"https:\/\/www.septinoticias.com.mx\/?p=143832"},"modified":"2026-09-03T14:41:00","modified_gmt":"2026-09-03T14:41:00","slug":"familias-de-siete-comunidades-de-alta-y-muy-alta-marginacion-de-la-huasteca-recibieron-69-proyectos-productivos-y-de-infraestructura-basica","status":"publish","type":"post","link":"https:\/\/www.septinoticias.com.mx\/?p=143832","title":{"rendered":"Familias de Siete Comunidades de Alta y muy Alta Marginaci\u00f3n de la Huasteca Recibieron 69 Proyectos Productivos y de Infraestructura B\u00e1sica"},"content":{"rendered":"\t\t<div data-elementor-type=\"wp-post\" data-elementor-id=\"143832\" class=\"elementor elementor-143832\">\n\t\t\t\t\t\t\t\t\t<section class=\"elementor-section elementor-top-section elementor-element elementor-element-20bbcd3b elementor-section-boxed elementor-section-height-default elementor-section-height-default\" data-id=\"20bbcd3b\" data-element_type=\"section\">\n\t\t\t\t\t\t<div class=\"elementor-container elementor-column-gap-default\">\n\t\t\t\t\t<div class=\"elementor-column elementor-col-100 elementor-top-column elementor-element elementor-element-33be02ef\" data-id=\"33be02ef\" data-element_type=\"column\">\n\t\t\t<div class=\"elementor-widget-wrap elementor-element-populated\">\n\t\t\t\t\t\t\t\t<div class=\"elementor-element elementor-element-6c4a91f9 elementor-widget elementor-widget-text-editor\" data-id=\"6c4a91f9\" data-element_type=\"widget\" data-widget_type=\"text-editor.default\">\n\t\t\t\t<div class=\"elementor-widget-container\">\n\t\t\t<style>\/*! elementor - v3.10.1 - 17-01-2023 *\/\n.elementor-widget-text-editor.elementor-drop-cap-view-stacked .elementor-drop-cap{background-color:#818a91;color:#fff}.elementor-widget-text-editor.elementor-drop-cap-view-framed .elementor-drop-cap{color:#818a91;border:3px solid;background-color:transparent}.elementor-widget-text-editor:not(.elementor-drop-cap-view-default) .elementor-drop-cap{margin-top:8px}.elementor-widget-text-editor:not(.elementor-drop-cap-view-default) .elementor-drop-cap-letter{width:1em;height:1em}.elementor-widget-text-editor .elementor-drop-cap{float:left;text-align:center;line-height:1;font-size:50px}.elementor-widget-text-editor .elementor-drop-cap-letter{display:inline-block}<\/style>\t\t\t\t<p><strong>Pachuca, Hgo., 3 de septiembre de 2026.-<\/strong>Familias de\u00a0siete comunidades de alta y muy alta marginaci\u00f3n de la Huasteca hidalguense\u00a0recibieron\u00a069 proyectos productivos y de\u00a0<a href=\"https:\/\/oem.com.mx\/elsoldehidalgo\/local\/pachuca-estrena-cuartel-de-policia-estatal-en-la-colonia-cubitos-asi-funcionara-31751919\">infraestructura<\/a>\u00a0b\u00e1sica, con una inversi\u00f3n de\u00a01 mill\u00f3n 288 mil 565 pesos, como parte de una gira de trabajo encabezada por Edda Vite Ramos, presidenta del Patronato del\u00a0Sistema\u00a0<a href=\"https:\/\/dif.hidalgo.gob.mx\/\">DIF Hidalgo<\/a>.<\/p><p>Los apoyos beneficiaron a\u00a0100 familias\u00a0de localidades donde las necesidades van desde el acceso al agua y condiciones adecuadas de vivienda hasta herramientas para fortalecer actividades productivas comunitarias.<\/p><p>Los proyectos entregados corresponden al programa estatal\u00a0<a href=\"https:\/\/oem.com.mx\/elsoldehidalgo\/local\/hospital-de-zimapan-trabajadores-laboran-bajo-protesta-y-exigen-bases-federales-31817564\">Salud y Bienestar<\/a>\u00a0Comunitario\u00a0y consistieron en tanques de almacenamiento de agua, pisos de cemento, fortalecimiento de rodadas comunitarias, kits de herramientas, botiquines de primeros auxilios, techos seguros y dignos, gallineros y sanitarios con fosa s\u00e9ptica.<\/p><p>Las comunidades beneficiadas fueron\u00a0Las Nueces y Tilcalco, en Huejutla; Tepexicuicuil, en Jaltoc\u00e1n; Santo Tom\u00e1s y Copaltitla, en Huazalingo; Xalamaquexpa, en San Felipe Orizatl\u00e1n, y Olma, en Yahualica.<\/p><p>De acuerdo con el\u00a0DIF Hidalgo, las familias beneficiarias tendr\u00e1n acompa\u00f1amiento t\u00e9cnico durante cinco a\u00f1os, con el prop\u00f3sito de verificar la ejecuci\u00f3n, funcionamiento y aprovechamiento de los proyectos.<\/p><p>Durante la entrega,\u00a0Edda Vite Ramos\u00a0se\u00f1al\u00f3 que los apoyos son definidos a partir de las necesidades identificadas directamente en las comunidades y no \u00fanicamente desde las oficinas gubernamentales.<\/p><p>\u201cEstos apoyos no los decidimos desde un escritorio\u201d, afirm\u00f3, al destacar la participaci\u00f3n de los\u00a0Sistemas DIF municipales\u00a0para detectar las principales carencias y canalizarlas ante el organismo estatal.<\/p><p>La gira tambi\u00e9n incluy\u00f3 la entrega de\u00a0ayudas t\u00e9cnicas para personas con discapacidad.<\/p><p>En Huejutla de Reyes,\u00a017 personas recibieron sillas de ruedas\u00a0mediante el programa estatal Ayudas T\u00e9cnicas del Centro de Rehabilitaci\u00f3n Integral de Hidalgo (<a href=\"https:\/\/www.facebook.com\/saludhgo\/posts\/el-centro-de-rehabilitaci%C3%B3n-integral-de-hidalgo-crih-cumple-24-a%C3%B1os-brindando-se\/926634536310765\/\">CRIH<\/a>), con una inversi\u00f3n de\u00a026 mil 471 pesos.<\/p><p>En San Felipe Orizatl\u00e1n fueron entregados\u00a0dos pares de muletas, 17 sillas de ruedas est\u00e1ndar y una silla de ruedas para par\u00e1lisis cerebral en adultos, con una inversi\u00f3n adicional de\u00a033 mil 854 pesos.<\/p><p>A estos apoyos se sum\u00f3 la entrega de\u00a0185 despensas\u00a0del programa integral de desarrollo comunitario DIF Hidalgo \u201cEs Por Ti\u201d.<\/p><p>Vite Ramos sostuvo que estas acciones buscan fortalecer la\u00a0autonom\u00eda, movilidad e inclusi\u00f3n de personas con discapacidad\u00a0y de otros grupos considerados prioritarios.<\/p><p>Como parte de la jornada, tambi\u00e9n fueron formalizadas las\u00a0Procuradur\u00edas de Protecci\u00f3n de Ni\u00f1as, Ni\u00f1os y Adolescentes\u00a0de Huejutla de Reyes, Jaltoc\u00e1n y San Felipe Orizatl\u00e1n.<\/p><p>Con estas incorporaciones,\u00a0Hidalgo suma 32 procuradur\u00edas municipales\u00a0destinadas a fortalecer las acciones de protecci\u00f3n de los derechos de ni\u00f1as, ni\u00f1os y adolescentes.<\/p><p>La formalizaci\u00f3n estuvo acompa\u00f1ada por los alcaldes de Huejutla, Alfredo San Rom\u00e1n Duval; Jaltoc\u00e1n, Guillermo Amador Lara, y San Felipe Orizatl\u00e1n, C\u00e9sar P\u00e9rez Escamilla, as\u00ed como por las presidentas de los respectivos\u00a0Sistemas DIF municipales.<\/p><p>Edda Vite destac\u00f3 que la\u00a0protecci\u00f3n de la ni\u00f1ez\u00a0requiere coordinaci\u00f3n entre autoridades y sociedad, al considerar que garantizar su seguridad y desarrollo es una responsabilidad compartida.<\/p>\t\t\t\t\t\t<\/div>\n\t\t\t\t<\/div>\n\t\t\t\t\t<\/div>\n\t\t<\/div>\n\t\t\t\t\t\t\t<\/div>\n\t\t<\/section>\n\t\t\t\t\t\t\t<\/div>\n\t\t","protected":false},"excerpt":{"rendered":"<p>Pachuca, Hgo., 3 de septiembre de 2026.-Familias de\u00a0siete comunidades de alta y muy alta marginaci\u00f3n de la Huasteca hidalguense\u00a0recibieron\u00a069 proyectos productivos y de\u00a0infraestructura\u00a0b\u00e1sica, con una inversi\u00f3n de\u00a01 mill\u00f3n 288 mil 565 pesos, como parte de una gira de trabajo encabezada por Edda Vite Ramos, presidenta del Patronato del\u00a0Sistema\u00a0DIF Hidalgo. Los apoyos beneficiaron a\u00a0100 familias\u00a0de localidades [&hellip;]<\/p>\n","protected":false},"author":1,"featured_media":143835,"comment_status":"closed","ping_status":"closed","sticky":false,"template":"","format":"standard","meta":[],"categories":[9],"tags":[],"_links":{"self":[{"href":"https:\/\/www.septinoticias.com.mx\/index.php?rest_route=\/wp\/v2\/posts\/143832"}],"collection":[{"href":"https:\/\/www.septinoticias.com.mx\/index.php?rest_route=\/wp\/v2\/posts"}],"about":[{"href":"https:\/\/www.septinoticias.com.mx\/index.php?rest_route=\/wp\/v2\/types\/post"}],"author":[{"embeddable":true,"href":"https:\/\/www.septinoticias.com.mx\/index.php?rest_route=\/wp\/v2\/users\/1"}],"replies":[{"embeddable":true,"href":"https:\/\/www.septinoticias.com.mx\/index.php?rest_route=%2Fwp%2Fv2%2Fcomments&post=143832"}],"version-history":[{"count":4,"href":"https:\/\/www.septinoticias.com.mx\/index.php?rest_route=\/wp\/v2\/posts\/143832\/revisions"}],"predecessor-version":[{"id":143838,"href":"https:\/\/www.septinoticias.com.mx\/index.php?rest_route=\/wp\/v2\/posts\/143832\/revisions\/143838"}],"wp:featuredmedia":[{"embeddable":true,"href":"https:\/\/www.septinoticias.com.mx\/index.php?rest_route=\/wp\/v2\/media\/143835"}],"wp:attachment":[{"href":"https:\/\/www.septinoticias.com.mx\/index.php?rest_route=%2Fwp%2Fv2%2Fmedia&parent=143832"}],"wp:term":[{"taxonomy":"category","embeddable":true,"href":"https:\/\/www.septinoticias.com.mx\/index.php?rest_route=%2Fwp%2Fv2%2Fcategories&post=143832"},{"taxonomy":"post_tag","embeddable":true,"href":"https:\/\/www.septinoticias.com.mx\/index.php?rest_route=%2Fwp%2Fv2%2Ftags&post=143832"}],"curies":[{"name":"wp","href":"https:\/\/api.w.org\/{rel}","templated":true}]}}