{"id":143741,"date":"2026-09-02T07:35:02","date_gmt":"2026-09-02T07:35:02","guid":{"rendered":"https:\/\/www.septinoticias.com.mx\/?p=143741"},"modified":"2026-09-02T16:35:49","modified_gmt":"2026-09-02T16:35:49","slug":"la-pension-bienestar-para-adultos-mayores-del-bimestre-septiembre-octubre-de-2026-inicio-este-1-de-septiembre","status":"publish","type":"post","link":"https:\/\/www.septinoticias.com.mx\/?p=143741","title":{"rendered":"La Pensi\u00f3n Bienestar Para Adultos Mayores del Bimestre Septiembre-Octubre de 2026 Inicio Este 1 de Septiembre"},"content":{"rendered":"\t\t<div data-elementor-type=\"wp-post\" data-elementor-id=\"143741\" class=\"elementor elementor-143741\">\n\t\t\t\t\t\t\t\t\t<section class=\"elementor-section elementor-top-section elementor-element elementor-element-20bbcd3b elementor-section-boxed elementor-section-height-default elementor-section-height-default\" data-id=\"20bbcd3b\" data-element_type=\"section\">\n\t\t\t\t\t\t<div class=\"elementor-container elementor-column-gap-default\">\n\t\t\t\t\t<div class=\"elementor-column elementor-col-100 elementor-top-column elementor-element elementor-element-33be02ef\" data-id=\"33be02ef\" data-element_type=\"column\">\n\t\t\t<div class=\"elementor-widget-wrap elementor-element-populated\">\n\t\t\t\t\t\t\t\t<div class=\"elementor-element elementor-element-6c4a91f9 elementor-widget elementor-widget-text-editor\" data-id=\"6c4a91f9\" data-element_type=\"widget\" data-widget_type=\"text-editor.default\">\n\t\t\t\t<div class=\"elementor-widget-container\">\n\t\t\t<style>\/*! elementor - v3.10.1 - 17-01-2023 *\/\n.elementor-widget-text-editor.elementor-drop-cap-view-stacked .elementor-drop-cap{background-color:#818a91;color:#fff}.elementor-widget-text-editor.elementor-drop-cap-view-framed .elementor-drop-cap{color:#818a91;border:3px solid;background-color:transparent}.elementor-widget-text-editor:not(.elementor-drop-cap-view-default) .elementor-drop-cap{margin-top:8px}.elementor-widget-text-editor:not(.elementor-drop-cap-view-default) .elementor-drop-cap-letter{width:1em;height:1em}.elementor-widget-text-editor .elementor-drop-cap{float:left;text-align:center;line-height:1;font-size:50px}.elementor-widget-text-editor .elementor-drop-cap-letter{display:inline-block}<\/style>\t\t\t\t<p><strong>Ciudad de M\u00e9xico. 1 de septiembre 2026.- <\/strong>El Deposito de La\u00a0<a href=\"https:\/\/www.criteriohidalgo.com\/noticias\/hidalgo\/hidalgo-cuando-depositan-la-pension-bienestar-de-septiembre-octubre-2026#google_vignette\">Pensi\u00f3n Bienestar<\/a>\u00a0para adultos mayores\u00a0correspondiente al bimestre septiembre-octubre de 2026 comenz\u00f3 a depositarse este martes 1 de septiembre y se distribuir\u00e1 de manera escalonada de acuerdo con la primera letra del apellido paterno.<\/p><p>Sin embargo, el calendario tendr\u00e1 una pausa debido al\u00a016 de septiembre, d\u00eda de descanso obligatorio por la conmemoraci\u00f3n de la Independencia de M\u00e9xico. Por ello, las personas beneficiarias cuyo pago corresponda a esa fecha deber\u00e1n esperar hasta el jueves 17 de septiembre.<\/p><p>El dep\u00f3sito del apoyo continuar\u00e1 hasta el viernes 25 de septiembre, de acuerdo con el calendario se\u00f1alado para este bimestre.<\/p><p>\u00bfPor qu\u00e9 se suspender\u00e1n los pagos de la Pensi\u00f3n Bienestar?<\/p><p>La pausa en los dep\u00f3sitos est\u00e1 relacionada con el d\u00eda de descanso obligatorio del\u00a016 de septiembre. Al tratarse de un d\u00eda inh\u00e1bil, las sucursales bancarias, incluido el Banco del\u00a0<a href=\"https:\/\/criteriohidalgo.com\/noticias\/hidalgo\/farmacias-del-bienestar-llegaran-a-hidalgo-asi-funcionaran\">Bienestar<\/a>, suspender\u00e1n sus operaciones.<\/p><p>Esto significa que el calendario de pagos no avanzar\u00e1 durante esa jornada y se reanudar\u00e1 el jueves 17 de septiembre.<\/p><p>Las personas que ya hayan recibido su dep\u00f3sito antes del 16 de septiembre no perder\u00e1n el recurso ni tendr\u00e1n que realizar ning\u00fan tr\u00e1mite adicional. El dinero permanecer\u00e1 disponible en su cuenta para retirarlo posteriormente.<\/p><p>Calendario de pagos de septiembre 2026<\/p><p>La distribuci\u00f3n de la\u00a0Pensi\u00f3n Bienestar\u00a0se realizar\u00e1 conforme a la primera letra del apellido paterno:<\/p><table><tbody><tr><td><p>Inicial<\/p><\/td><td><p>Fecha de pago<\/p><\/td><\/tr><tr><td><p>A<\/p><\/td><td><p>Martes 1 de septiembre<\/p><\/td><\/tr><tr><td><p>B<\/p><\/td><td><p>Mi\u00e9rcoles 2 de septiembre<\/p><\/td><\/tr><tr><td><p>C<\/p><\/td><td><p>Jueves 3 y viernes 4 de septiembre<\/p><\/td><\/tr><tr><td><p>D, E, F<\/p><\/td><td><p>Lunes 7 de septiembre<\/p><\/td><\/tr><tr><td><p>G<\/p><\/td><td><p>Martes 8 y mi\u00e9rcoles 9 de septiembre<\/p><\/td><\/tr><tr><td><p>H, I, J, K<\/p><\/td><td><p>Jueves 10 de septiembre<\/p><\/td><\/tr><tr><td><p>L<\/p><\/td><td><p>Viernes 11 de septiembre<\/p><\/td><\/tr><tr><td><p>M<\/p><\/td><td><p>Lunes 14 y martes 15 de septiembre<\/p><\/td><\/tr><tr><td><p>N, \u00d1, O<\/p><\/td><td><p>Jueves 17 de septiembre<\/p><\/td><\/tr><tr><td><p>P, Q<\/p><\/td><td><p>Viernes 18 de septiembre<\/p><\/td><\/tr><tr><td><p>R<\/p><\/td><td><p>Lunes 21 y martes 22 de septiembre<\/p><\/td><\/tr><tr><td><p>S<\/p><\/td><td><p>Mi\u00e9rcoles 23 de septiembre<\/p><\/td><\/tr><tr><td><p>T, U, V<\/p><\/td><td><p>Jueves 24 de septiembre<\/p><\/td><\/tr><tr><td><p>W, X, Y, Z<\/p><\/td><td><p>Viernes 25 de septiembre<\/p><\/td><\/tr><\/tbody><\/table><p>De esta manera,\u00a0el mi\u00e9rcoles 16 de septiembre no habr\u00e1 dep\u00f3sitos, mientras que los pagos se retomar\u00e1n al d\u00eda siguiente.<\/p><p>\u00bfCu\u00e1nto recibir\u00e1n los adultos mayores?<\/p><p>La\u00a0Pensi\u00f3n Bienestar para las Personas Adultas Mayores\u00a0entrega un apoyo econ\u00f3mico de\u00a06 mil 400 pesos de manera bimestral, de acuerdo con la informaci\u00f3n proporcionada en el material de origen.<\/p><p>El apoyo corresponde a las personas de\u00a065 a\u00f1os o m\u00e1s\u00a0que forman parte del programa.<\/p><p>Quienes ya tengan el dinero depositado pueden disponer de \u00e9l posteriormente, por lo que no es necesario acudir al Banco del Bienestar el mismo d\u00eda del dep\u00f3sito.<\/p>\t\t\t\t\t\t<\/div>\n\t\t\t\t<\/div>\n\t\t\t\t\t<\/div>\n\t\t<\/div>\n\t\t\t\t\t\t\t<\/div>\n\t\t<\/section>\n\t\t\t\t\t\t\t<\/div>\n\t\t","protected":false},"excerpt":{"rendered":"<p>Ciudad de M\u00e9xico. 1 de septiembre 2026.- El Deposito de La\u00a0Pensi\u00f3n Bienestar\u00a0para adultos mayores\u00a0correspondiente al bimestre septiembre-octubre de 2026 comenz\u00f3 a depositarse este martes 1 de septiembre y se distribuir\u00e1 de manera escalonada de acuerdo con la primera letra del apellido paterno. Sin embargo, el calendario tendr\u00e1 una pausa debido al\u00a016 de septiembre, d\u00eda de [&hellip;]<\/p>\n","protected":false},"author":1,"featured_media":143743,"comment_status":"closed","ping_status":"closed","sticky":false,"template":"","format":"standard","meta":[],"categories":[8],"tags":[],"_links":{"self":[{"href":"https:\/\/www.septinoticias.com.mx\/index.php?rest_route=\/wp\/v2\/posts\/143741"}],"collection":[{"href":"https:\/\/www.septinoticias.com.mx\/index.php?rest_route=\/wp\/v2\/posts"}],"about":[{"href":"https:\/\/www.septinoticias.com.mx\/index.php?rest_route=\/wp\/v2\/types\/post"}],"author":[{"embeddable":true,"href":"https:\/\/www.septinoticias.com.mx\/index.php?rest_route=\/wp\/v2\/users\/1"}],"replies":[{"embeddable":true,"href":"https:\/\/www.septinoticias.com.mx\/index.php?rest_route=%2Fwp%2Fv2%2Fcomments&post=143741"}],"version-history":[{"count":4,"href":"https:\/\/www.septinoticias.com.mx\/index.php?rest_route=\/wp\/v2\/posts\/143741\/revisions"}],"predecessor-version":[{"id":143746,"href":"https:\/\/www.septinoticias.com.mx\/index.php?rest_route=\/wp\/v2\/posts\/143741\/revisions\/143746"}],"wp:featuredmedia":[{"embeddable":true,"href":"https:\/\/www.septinoticias.com.mx\/index.php?rest_route=\/wp\/v2\/media\/143743"}],"wp:attachment":[{"href":"https:\/\/www.septinoticias.com.mx\/index.php?rest_route=%2Fwp%2Fv2%2Fmedia&parent=143741"}],"wp:term":[{"taxonomy":"category","embeddable":true,"href":"https:\/\/www.septinoticias.com.mx\/index.php?rest_route=%2Fwp%2Fv2%2Fcategories&post=143741"},{"taxonomy":"post_tag","embeddable":true,"href":"https:\/\/www.septinoticias.com.mx\/index.php?rest_route=%2Fwp%2Fv2%2Ftags&post=143741"}],"curies":[{"name":"wp","href":"https:\/\/api.w.org\/{rel}","templated":true}]}}