{"id":143705,"date":"2026-09-02T07:24:29","date_gmt":"2026-09-02T07:24:29","guid":{"rendered":"https:\/\/www.septinoticias.com.mx\/?p=143705"},"modified":"2026-09-02T16:25:22","modified_gmt":"2026-09-02T16:25:22","slug":"el-pleno-determina-una-medida-temporal-para-garantizar-la-continuidad-de-la-presidencia-del-tribunal-durante-la-transicion-constitucional","status":"publish","type":"post","link":"https:\/\/www.septinoticias.com.mx\/?p=143705","title":{"rendered":"El Pleno Determina Una Medida Temporal Para Garantizar la Continuidad de la Presidencia del Tribunal Durante la Transici\u00f3n Constitucional"},"content":{"rendered":"\t\t<div data-elementor-type=\"wp-post\" data-elementor-id=\"143705\" class=\"elementor elementor-143705\">\n\t\t\t\t\t\t\t\t\t<section class=\"elementor-section elementor-top-section elementor-element elementor-element-20bbcd3b elementor-section-boxed elementor-section-height-default elementor-section-height-default\" data-id=\"20bbcd3b\" data-element_type=\"section\">\n\t\t\t\t\t\t<div class=\"elementor-container elementor-column-gap-default\">\n\t\t\t\t\t<div class=\"elementor-column elementor-col-100 elementor-top-column elementor-element elementor-element-33be02ef\" data-id=\"33be02ef\" data-element_type=\"column\">\n\t\t\t<div class=\"elementor-widget-wrap elementor-element-populated\">\n\t\t\t\t\t\t\t\t<div class=\"elementor-element elementor-element-6c4a91f9 elementor-widget elementor-widget-text-editor\" data-id=\"6c4a91f9\" data-element_type=\"widget\" data-widget_type=\"text-editor.default\">\n\t\t\t\t<div class=\"elementor-widget-container\">\n\t\t\t<style>\/*! elementor - v3.10.1 - 17-01-2023 *\/\n.elementor-widget-text-editor.elementor-drop-cap-view-stacked .elementor-drop-cap{background-color:#818a91;color:#fff}.elementor-widget-text-editor.elementor-drop-cap-view-framed .elementor-drop-cap{color:#818a91;border:3px solid;background-color:transparent}.elementor-widget-text-editor:not(.elementor-drop-cap-view-default) .elementor-drop-cap{margin-top:8px}.elementor-widget-text-editor:not(.elementor-drop-cap-view-default) .elementor-drop-cap-letter{width:1em;height:1em}.elementor-widget-text-editor .elementor-drop-cap{float:left;text-align:center;line-height:1;font-size:50px}.elementor-widget-text-editor .elementor-drop-cap-letter{display:inline-block}<\/style>\t\t\t\t<p><strong>Pachuca, Hgo., 1 de septiembre de 2026.-<\/strong>En el marco de la transici\u00f3n constitucional derivada de la reforma al Poder Judicial, el Pleno del Tribunal Superior de Justicia del Estado de Hidalgo determin\u00f3, con fundamento en el art\u00edculo 18, fracci\u00f3n XXIII, de la Ley Org\u00e1nica del Poder Judicial del Estado, establecer una medida temporal para garantizar la continuidad de la Presidencia del Tribunal, actualmente encabezada por la Magistrada Rebeca Aladro Echeverr\u00eda.<\/p><p>Esta determinaci\u00f3n responde a la modificaci\u00f3n del r\u00e9gimen constitucional aplicable a la organizaci\u00f3n y funcionamiento de los poderes judiciales, y tiene como finalidad preservar la continuidad institucional mientras se define y materializa el nuevo modelo previsto por la reforma constitucional.<\/p><p>La medida tendr\u00e1 car\u00e1cter temporal y excepcional, y permanecer\u00e1 vigente a resultas de lo que mandate el nuevo r\u00e9gimen constitucional y de las disposiciones que, en su caso, resulten aplicables para su implementaci\u00f3n y armonizaci\u00f3n en el Estado de Hidalgo.<\/p><p>En consecuencia, esta determinaci\u00f3n no constituye una elecci\u00f3n para un nuevo periodo ordinario de cuatro a\u00f1os, sino una medida transitoria orientada a garantizar la certeza jur\u00eddica, la estabilidad institucional y la continuidad en la impartici\u00f3n de justicia.<\/p><p>El Poder Judicial del Estado de Hidalgo refrenda su compromiso con una transici\u00f3n ordenada y responsable, en estricto apego al marco constitucional, preservando en todo momento la continuidad de la funci\u00f3n jurisdiccional y la estabilidad de la instituci\u00f3n.<\/p><p>\u00a0<\/p>\t\t\t\t\t\t<\/div>\n\t\t\t\t<\/div>\n\t\t\t\t\t<\/div>\n\t\t<\/div>\n\t\t\t\t\t\t\t<\/div>\n\t\t<\/section>\n\t\t\t\t\t\t\t<\/div>\n\t\t","protected":false},"excerpt":{"rendered":"<p>Pachuca, Hgo., 1 de septiembre de 2026.-En el marco de la transici\u00f3n constitucional derivada de la reforma al Poder Judicial, el Pleno del Tribunal Superior de Justicia del Estado de Hidalgo determin\u00f3, con fundamento en el art\u00edculo 18, fracci\u00f3n XXIII, de la Ley Org\u00e1nica del Poder Judicial del Estado, establecer una medida temporal para garantizar [&hellip;]<\/p>\n","protected":false},"author":1,"featured_media":143707,"comment_status":"closed","ping_status":"closed","sticky":false,"template":"","format":"standard","meta":[],"categories":[9],"tags":[],"_links":{"self":[{"href":"https:\/\/www.septinoticias.com.mx\/index.php?rest_route=\/wp\/v2\/posts\/143705"}],"collection":[{"href":"https:\/\/www.septinoticias.com.mx\/index.php?rest_route=\/wp\/v2\/posts"}],"about":[{"href":"https:\/\/www.septinoticias.com.mx\/index.php?rest_route=\/wp\/v2\/types\/post"}],"author":[{"embeddable":true,"href":"https:\/\/www.septinoticias.com.mx\/index.php?rest_route=\/wp\/v2\/users\/1"}],"replies":[{"embeddable":true,"href":"https:\/\/www.septinoticias.com.mx\/index.php?rest_route=%2Fwp%2Fv2%2Fcomments&post=143705"}],"version-history":[{"count":4,"href":"https:\/\/www.septinoticias.com.mx\/index.php?rest_route=\/wp\/v2\/posts\/143705\/revisions"}],"predecessor-version":[{"id":143710,"href":"https:\/\/www.septinoticias.com.mx\/index.php?rest_route=\/wp\/v2\/posts\/143705\/revisions\/143710"}],"wp:featuredmedia":[{"embeddable":true,"href":"https:\/\/www.septinoticias.com.mx\/index.php?rest_route=\/wp\/v2\/media\/143707"}],"wp:attachment":[{"href":"https:\/\/www.septinoticias.com.mx\/index.php?rest_route=%2Fwp%2Fv2%2Fmedia&parent=143705"}],"wp:term":[{"taxonomy":"category","embeddable":true,"href":"https:\/\/www.septinoticias.com.mx\/index.php?rest_route=%2Fwp%2Fv2%2Fcategories&post=143705"},{"taxonomy":"post_tag","embeddable":true,"href":"https:\/\/www.septinoticias.com.mx\/index.php?rest_route=%2Fwp%2Fv2%2Ftags&post=143705"}],"curies":[{"name":"wp","href":"https:\/\/api.w.org\/{rel}","templated":true}]}}