{"id":143687,"date":"2026-09-02T07:16:58","date_gmt":"2026-09-02T07:16:58","guid":{"rendered":"https:\/\/www.septinoticias.com.mx\/?p=143687"},"modified":"2026-09-02T16:18:37","modified_gmt":"2026-09-02T16:18:37","slug":"mas-de-mil-700-hidalguenses-recuperan-la-posibilidad-de-escuchar-y-comunicarse-mejor","status":"publish","type":"post","link":"https:\/\/www.septinoticias.com.mx\/?p=143687","title":{"rendered":"M\u00e1s de Mil 700 Hidalguenses Recuperan la Posibilidad de Escuchar y Comunicarse Mejor"},"content":{"rendered":"\t\t<div data-elementor-type=\"wp-post\" data-elementor-id=\"143687\" class=\"elementor elementor-143687\">\n\t\t\t\t\t\t\t\t\t<section class=\"elementor-section elementor-top-section elementor-element elementor-element-20bbcd3b elementor-section-boxed elementor-section-height-default elementor-section-height-default\" data-id=\"20bbcd3b\" data-element_type=\"section\">\n\t\t\t\t\t\t<div class=\"elementor-container elementor-column-gap-default\">\n\t\t\t\t\t<div class=\"elementor-column elementor-col-100 elementor-top-column elementor-element elementor-element-33be02ef\" data-id=\"33be02ef\" data-element_type=\"column\">\n\t\t\t<div class=\"elementor-widget-wrap elementor-element-populated\">\n\t\t\t\t\t\t\t\t<div class=\"elementor-element elementor-element-6c4a91f9 elementor-widget elementor-widget-text-editor\" data-id=\"6c4a91f9\" data-element_type=\"widget\" data-widget_type=\"text-editor.default\">\n\t\t\t\t<div class=\"elementor-widget-container\">\n\t\t\t<style>\/*! elementor - v3.10.1 - 17-01-2023 *\/\n.elementor-widget-text-editor.elementor-drop-cap-view-stacked .elementor-drop-cap{background-color:#818a91;color:#fff}.elementor-widget-text-editor.elementor-drop-cap-view-framed .elementor-drop-cap{color:#818a91;border:3px solid;background-color:transparent}.elementor-widget-text-editor:not(.elementor-drop-cap-view-default) .elementor-drop-cap{margin-top:8px}.elementor-widget-text-editor:not(.elementor-drop-cap-view-default) .elementor-drop-cap-letter{width:1em;height:1em}.elementor-widget-text-editor .elementor-drop-cap{float:left;text-align:center;line-height:1;font-size:50px}.elementor-widget-text-editor .elementor-drop-cap-letter{display:inline-block}<\/style>\t\t\t\t<p><strong>*Con una inversi\u00f3n superior a 18 mdp, concluy\u00f3 la estrategia estatal que acerc\u00f3 3 mil 564 auxiliares auditivos a personas de 57 municipios<\/strong><\/p><p><strong>Pachuca, Hgo., 1 de septiembre de 2026.-<\/strong>Volver a escuchar una conversaci\u00f3n familiar, participar activamente en la comunidad y desarrollar las actividades cotidianas con mayor independencia es hoy una realidad para mil 782 personas hidalguenses que recibieron auxiliares auditivos como parte de una estrategia impulsada en todo el estado.<\/p><p>El esfuerzo conjunto entre la Administraci\u00f3n del Patrimonio de la Beneficencia P\u00fablica Nacional, los Servicios de Salud de Hidalgo, la Administraci\u00f3n del Patrimonio Social y los Sistemas DIF municipales permiti\u00f3 acercar este beneficio a habitantes de 57 municipios, mediante la entrega de 3 mil 564 auxiliares auditivos, mediante una inversi\u00f3n de 18 millones 422 mil 494 pesos.<\/p><p>La estrategia permiti\u00f3 acercar estos apoyos a personas de distintas regiones del estado, consolidando una pol\u00edtica p\u00fablica orientada a disminuir brechas de acceso y fortalecer el bienestar de quienes enfrentan mayores condiciones de vulnerabilidad, como ha sido prioridad en el gobierno de Julio Menchaca Salazar.<\/p><p>Durante la ceremonia de clausura de la Primera Jornada de Entrega de Auxiliares Auditivos 2026, realizada en el auditorio del Hospital del Ni\u00f1o DIF Hidalgo, autoridades federales, estatales y municipales destacaron la importancia de fortalecer acciones que promuevan la inclusi\u00f3n y la igualdad de oportunidades para las personas con discapacidad auditiva.<\/p><p>Acompa\u00f1ada de Ricardo Alvizo Contreras, titular del Sistema DIF Hidalgo, la secretaria de Salud y directora general de los Servicios de Salud de Hidalgo, Vanesa Escalante Arroyo, se\u00f1al\u00f3 que la coordinaci\u00f3n institucional es fundamental para acercar soluciones que generan cambios positivos y duraderos en la vida de la poblaci\u00f3n.<\/p><p>&#8220;Cuando una persona recupera la capacidad de escuchar, tambi\u00e9n recupera oportunidades para aprender, convivir y desarrollarse. Estos resultados son posibles gracias al trabajo coordinado entre instituciones que comparten el compromiso de mejorar las condiciones de vida de quienes m\u00e1s lo necesitan, dijo\u201d.<\/p><p>As\u00ed mismo, la funcionaria estatal reconoci\u00f3 la colaboraci\u00f3n de Leivy Lizeth L\u00f3pez Calder\u00f3n, Subdirectora de Programas Especiales y Vinculaci\u00f3n Social, quien acudi\u00f3 en representaci\u00f3n de Jos\u00e9 Alfredo Cordero Esquivel, Director General de la Administraci\u00f3n del Patrimonio de la Beneficencia P\u00fablica Nacional, as\u00ed como de los Sistemas DIF municipales y de todas las instancias que hicieron posible acercar este beneficio a las familias hidalguenses.<\/p><p>La iniciativa se desarroll\u00f3 del 5 de agosto al 1 de septiembre a trav\u00e9s de sedes regionales que facilitaron el acceso de la poblaci\u00f3n a este programa, disminuyendo barreras econ\u00f3micas y geogr\u00e1ficas para quienes requer\u00edan este tipo de atenci\u00f3n.<\/p><p>Los auxiliares auditivos representan mucho m\u00e1s que un dispositivo tecnol\u00f3gico; son una herramienta que favorece la comunicaci\u00f3n, fortalece la autonom\u00eda personal y contribuye a una mayor participaci\u00f3n social, permitiendo a las personas reencontrarse con su entorno familiar y comunitario.<\/p>\t\t\t\t\t\t<\/div>\n\t\t\t\t<\/div>\n\t\t\t\t\t<\/div>\n\t\t<\/div>\n\t\t\t\t\t\t\t<\/div>\n\t\t<\/section>\n\t\t\t\t\t\t\t<\/div>\n\t\t","protected":false},"excerpt":{"rendered":"<p>*Con una inversi\u00f3n superior a 18 mdp, concluy\u00f3 la estrategia estatal que acerc\u00f3 3 mil 564 auxiliares auditivos a personas de 57 municipios Pachuca, Hgo., 1 de septiembre de 2026.-Volver a escuchar una conversaci\u00f3n familiar, participar activamente en la comunidad y desarrollar las actividades cotidianas con mayor independencia es hoy una realidad para mil 782 [&hellip;]<\/p>\n","protected":false},"author":1,"featured_media":143689,"comment_status":"closed","ping_status":"closed","sticky":false,"template":"","format":"standard","meta":[],"categories":[3],"tags":[],"_links":{"self":[{"href":"https:\/\/www.septinoticias.com.mx\/index.php?rest_route=\/wp\/v2\/posts\/143687"}],"collection":[{"href":"https:\/\/www.septinoticias.com.mx\/index.php?rest_route=\/wp\/v2\/posts"}],"about":[{"href":"https:\/\/www.septinoticias.com.mx\/index.php?rest_route=\/wp\/v2\/types\/post"}],"author":[{"embeddable":true,"href":"https:\/\/www.septinoticias.com.mx\/index.php?rest_route=\/wp\/v2\/users\/1"}],"replies":[{"embeddable":true,"href":"https:\/\/www.septinoticias.com.mx\/index.php?rest_route=%2Fwp%2Fv2%2Fcomments&post=143687"}],"version-history":[{"count":4,"href":"https:\/\/www.septinoticias.com.mx\/index.php?rest_route=\/wp\/v2\/posts\/143687\/revisions"}],"predecessor-version":[{"id":143692,"href":"https:\/\/www.septinoticias.com.mx\/index.php?rest_route=\/wp\/v2\/posts\/143687\/revisions\/143692"}],"wp:featuredmedia":[{"embeddable":true,"href":"https:\/\/www.septinoticias.com.mx\/index.php?rest_route=\/wp\/v2\/media\/143689"}],"wp:attachment":[{"href":"https:\/\/www.septinoticias.com.mx\/index.php?rest_route=%2Fwp%2Fv2%2Fmedia&parent=143687"}],"wp:term":[{"taxonomy":"category","embeddable":true,"href":"https:\/\/www.septinoticias.com.mx\/index.php?rest_route=%2Fwp%2Fv2%2Fcategories&post=143687"},{"taxonomy":"post_tag","embeddable":true,"href":"https:\/\/www.septinoticias.com.mx\/index.php?rest_route=%2Fwp%2Fv2%2Ftags&post=143687"}],"curies":[{"name":"wp","href":"https:\/\/api.w.org\/{rel}","templated":true}]}}