{"id":143636,"date":"2026-09-01T08:17:08","date_gmt":"2026-09-01T08:17:08","guid":{"rendered":"https:\/\/www.septinoticias.com.mx\/?p=143636"},"modified":"2026-09-01T15:18:34","modified_gmt":"2026-09-01T15:18:34","slug":"en-cuatro-anos-el-gobierno-de-hidalgo-ha-destinado-121-mil-millones-de-a-la-educacion","status":"publish","type":"post","link":"https:\/\/www.septinoticias.com.mx\/?p=143636","title":{"rendered":"En Cuatro A\u00f1os, el Gobierno de Hidalgo Ha Destinado 121 Mil Millones de a la Educaci\u00f3n"},"content":{"rendered":"\t\t<div data-elementor-type=\"wp-post\" data-elementor-id=\"143636\" class=\"elementor elementor-143636\">\n\t\t\t\t\t\t\t\t\t<section class=\"elementor-section elementor-top-section elementor-element elementor-element-20bbcd3b elementor-section-boxed elementor-section-height-default elementor-section-height-default\" data-id=\"20bbcd3b\" data-element_type=\"section\">\n\t\t\t\t\t\t<div class=\"elementor-container elementor-column-gap-default\">\n\t\t\t\t\t<div class=\"elementor-column elementor-col-100 elementor-top-column elementor-element elementor-element-33be02ef\" data-id=\"33be02ef\" data-element_type=\"column\">\n\t\t\t<div class=\"elementor-widget-wrap elementor-element-populated\">\n\t\t\t\t\t\t\t\t<div class=\"elementor-element elementor-element-6c4a91f9 elementor-widget elementor-widget-text-editor\" data-id=\"6c4a91f9\" data-element_type=\"widget\" data-widget_type=\"text-editor.default\">\n\t\t\t\t<div class=\"elementor-widget-container\">\n\t\t\t<style>\/*! elementor - v3.10.1 - 17-01-2023 *\/\n.elementor-widget-text-editor.elementor-drop-cap-view-stacked .elementor-drop-cap{background-color:#818a91;color:#fff}.elementor-widget-text-editor.elementor-drop-cap-view-framed .elementor-drop-cap{color:#818a91;border:3px solid;background-color:transparent}.elementor-widget-text-editor:not(.elementor-drop-cap-view-default) .elementor-drop-cap{margin-top:8px}.elementor-widget-text-editor:not(.elementor-drop-cap-view-default) .elementor-drop-cap-letter{width:1em;height:1em}.elementor-widget-text-editor .elementor-drop-cap{float:left;text-align:center;line-height:1;font-size:50px}.elementor-widget-text-editor .elementor-drop-cap-letter{display:inline-block}<\/style>\t\t\t\t<p><strong>*Julio Menchaca arranc\u00f3 el ciclo escolar 2026-2027 con la entrega de uniformes, calzado y \u00fatiles<\/strong><\/p><p><strong>Pachuca, Hgo., 31 de agosto de 2026.-<\/strong>En compa\u00f1\u00eda de estudiantes de la Secundaria General No. 2 de Pachuca, el gobernador Julio Menchaca Salazar encabez\u00f3 el inicio del ciclo escolar 2026-2027, espacio en donde refrend\u00f3 el compromiso la administraci\u00f3n estatal para garantizar el acceso y la permanencia educativa, a trav\u00e9s de la entrega de becas, uniformes, calzado y \u00fatiles escolares.<\/p><p>\u201cEl recurso ha sido importante: en estos cuatro a\u00f1os se han invertido 121 mil millones de pesos en educaci\u00f3n, eso es consecuencia de la posibilidad de manejar de una mejor manera los recursos p\u00fablicos\u201d, resalt\u00f3 el mandatario al asegurar que este presupuesto busca respaldar el esfuerzo que realizan las familias hidalguenses para que sus hijas e hijos sigan estudiando.<\/p><p>Tras hacer entrega de uniformes, calzado, paquetes de \u00fatiles escolares y libros de texto, el titular del Ejecutivo estatal hizo un reconocimiento a las maestras y maestros, ya que su labor ha permitido que la entidad avance significativamente en los \u00edndices de aprovechamiento; adem\u00e1s, agradeci\u00f3 el apoyo de cuidadores, padres y madres de familia para alcanzar la realizaci\u00f3n de cada ni\u00f1a, ni\u00f1o y adolescente.<\/p><p>\u201cHoy recibimos libros, \u00fatiles escolares, uniformes y calzado; pero creo que lo m\u00e1s importante no es s\u00f3lo recibirlos, sino todo lo que podemos hacer con ellos. [\u2026]Estos apoyos tienen un significado especial para nosotros y tambi\u00e9n para nuestras familias. [\u2026] Gobernador, gracias por apoyar a las ni\u00f1as, ni\u00f1os y adolescentes de Hidalgo y por hacer de nuestra educaci\u00f3n una prioridad\u201d, expres\u00f3 Mar\u00eda Fernanda Gonz\u00e1lez Ram\u00edrez, alumna de la Secundaria General No. 2.<\/p><p>Por su parte, Natividad Castrej\u00f3n Valdez, secretario de Educaci\u00f3n P\u00fablica de Hidalgo, inform\u00f3 que este d\u00eda volvieron a las aulas 569 mil 987 alumnas y alumnos de Educaci\u00f3n B\u00e1sica en toda la entidad; as\u00ed como m\u00e1s de 53 mil docentes, directivos y trabajadores, quienes tienen la encomienda de retomar aprendizajes para que el alumnado ejerza su derecho a la educaci\u00f3n, desarrolle capacidades y encuentre acompa\u00f1amiento para tomar decisiones.<\/p><p>Sumado a lo anterior, el gobierno de Hidalgo realiza la entrega de 500 mil paquetes de uniformes, calzado y \u00fatiles escolares, as\u00ed como libros de texto para las y los estudiantes de nivel b\u00e1sico; lo cual se complementa con la Beca Rita Cetina del Gobierno de M\u00e9xico, que representa un apoyo econ\u00f3mico de mil 900 pesos bimestrales para alumnos de secundaria.<\/p><p>Tras asegurar que el magisterio hidalguense har\u00e1 su trabajo con excelencia este ciclo escolar, Said Vargas S\u00e1enz, secretario general de la Secci\u00f3n 15 del Sindicato Nacional de los Trabajadores de la Educaci\u00f3n, destac\u00f3 que la educaci\u00f3n moviliza los \u00e1mbitos de la vida p\u00fablica, por lo que agradeci\u00f3 al gobernador Julio Menchaca por ser un aliado del personal educativo a trav\u00e9s de la creaci\u00f3n de protocolos que contribuyen a proteger sus derechos y atender cualquier situaci\u00f3n con responsabilidad, objetividad y respeto.<\/p><p>\u201cGobernador, su presencia refrenda que en Hidalgo la educaci\u00f3n es la base de la transformaci\u00f3n\u201d, asever\u00f3 Alberto Garc\u00eda Palacios, director de la Secundaria General No. 2, quien consider\u00f3 que este inicio de clases representa abrirle la puerta a miles de posibilidades de superaci\u00f3n para el alumnado, el cual demuestra sus ganas de salir adelante y superar sus metas.<\/p>\t\t\t\t\t\t<\/div>\n\t\t\t\t<\/div>\n\t\t\t\t\t<\/div>\n\t\t<\/div>\n\t\t\t\t\t\t\t<\/div>\n\t\t<\/section>\n\t\t\t\t<section class=\"elementor-section elementor-top-section elementor-element elementor-element-6b2f9c8 elementor-section-boxed elementor-section-height-default elementor-section-height-default\" data-id=\"6b2f9c8\" data-element_type=\"section\">\n\t\t\t\t\t\t<div class=\"elementor-container elementor-column-gap-default\">\n\t\t\t\t\t<div class=\"elementor-column elementor-col-100 elementor-top-column elementor-element elementor-element-1bcc398\" data-id=\"1bcc398\" data-element_type=\"column\">\n\t\t\t<div class=\"elementor-widget-wrap elementor-element-populated\">\n\t\t\t\t\t\t\t\t<div class=\"elementor-element elementor-element-e87c305 elementor-aspect-ratio-169 elementor-widget elementor-widget-video\" data-id=\"e87c305\" data-element_type=\"widget\" data-settings=\"{&quot;youtube_url&quot;:&quot;https:\\\/\\\/youtu.be\\\/LBUrgx-J080&quot;,&quot;video_type&quot;:&quot;youtube&quot;,&quot;controls&quot;:&quot;yes&quot;,&quot;aspect_ratio&quot;:&quot;169&quot;}\" data-widget_type=\"video.default\">\n\t\t\t\t<div class=\"elementor-widget-container\">\n\t\t\t<style>\/*! elementor - v3.10.1 - 17-01-2023 *\/\n.elementor-widget-video .elementor-widget-container{overflow:hidden;transform:translateZ(0)}.elementor-widget-video .elementor-open-inline .elementor-custom-embed-image-overlay{position:absolute;top:0;left:0;width:100%;height:100%;background-size:cover;background-position:50%}.elementor-widget-video .elementor-custom-embed-image-overlay{cursor:pointer;text-align:center}.elementor-widget-video .elementor-custom-embed-image-overlay:hover .elementor-custom-embed-play i{opacity:1}.elementor-widget-video .elementor-custom-embed-image-overlay img{display:block;width:100%}.elementor-widget-video .e-hosted-video .elementor-video{-o-object-fit:cover;object-fit:cover}.e-con-inner>.elementor-widget-video,.e-con>.elementor-widget-video{width:var(--container-widget-width);--flex-grow:var(--container-widget-flex-grow)}<\/style>\t\t<div class=\"elementor-wrapper elementor-fit-aspect-ratio elementor-open-inline\">\n\t\t\t<div class=\"elementor-video\"><\/div>\t\t<\/div>\n\t\t\t\t<\/div>\n\t\t\t\t<\/div>\n\t\t\t\t\t<\/div>\n\t\t<\/div>\n\t\t\t\t\t\t\t<\/div>\n\t\t<\/section>\n\t\t\t\t\t\t\t<\/div>\n\t\t","protected":false},"excerpt":{"rendered":"<p>*Julio Menchaca arranc\u00f3 el ciclo escolar 2026-2027 con la entrega de uniformes, calzado y \u00fatiles Pachuca, Hgo., 31 de agosto de 2026.-En compa\u00f1\u00eda de estudiantes de la Secundaria General No. 2 de Pachuca, el gobernador Julio Menchaca Salazar encabez\u00f3 el inicio del ciclo escolar 2026-2027, espacio en donde refrend\u00f3 el compromiso la administraci\u00f3n estatal para [&hellip;]<\/p>\n","protected":false},"author":1,"featured_media":143638,"comment_status":"closed","ping_status":"closed","sticky":false,"template":"","format":"standard","meta":[],"categories":[9],"tags":[],"_links":{"self":[{"href":"https:\/\/www.septinoticias.com.mx\/index.php?rest_route=\/wp\/v2\/posts\/143636"}],"collection":[{"href":"https:\/\/www.septinoticias.com.mx\/index.php?rest_route=\/wp\/v2\/posts"}],"about":[{"href":"https:\/\/www.septinoticias.com.mx\/index.php?rest_route=\/wp\/v2\/types\/post"}],"author":[{"embeddable":true,"href":"https:\/\/www.septinoticias.com.mx\/index.php?rest_route=\/wp\/v2\/users\/1"}],"replies":[{"embeddable":true,"href":"https:\/\/www.septinoticias.com.mx\/index.php?rest_route=%2Fwp%2Fv2%2Fcomments&post=143636"}],"version-history":[{"count":4,"href":"https:\/\/www.septinoticias.com.mx\/index.php?rest_route=\/wp\/v2\/posts\/143636\/revisions"}],"predecessor-version":[{"id":143641,"href":"https:\/\/www.septinoticias.com.mx\/index.php?rest_route=\/wp\/v2\/posts\/143636\/revisions\/143641"}],"wp:featuredmedia":[{"embeddable":true,"href":"https:\/\/www.septinoticias.com.mx\/index.php?rest_route=\/wp\/v2\/media\/143638"}],"wp:attachment":[{"href":"https:\/\/www.septinoticias.com.mx\/index.php?rest_route=%2Fwp%2Fv2%2Fmedia&parent=143636"}],"wp:term":[{"taxonomy":"category","embeddable":true,"href":"https:\/\/www.septinoticias.com.mx\/index.php?rest_route=%2Fwp%2Fv2%2Fcategories&post=143636"},{"taxonomy":"post_tag","embeddable":true,"href":"https:\/\/www.septinoticias.com.mx\/index.php?rest_route=%2Fwp%2Fv2%2Ftags&post=143636"}],"curies":[{"name":"wp","href":"https:\/\/api.w.org\/{rel}","templated":true}]}}