{"id":143618,"date":"2026-09-01T08:12:10","date_gmt":"2026-09-01T08:12:10","guid":{"rendered":"https:\/\/www.septinoticias.com.mx\/?p=143618"},"modified":"2026-09-01T15:13:33","modified_gmt":"2026-09-01T15:13:33","slug":"presidenta-sheinbaum-anuncia-inicio-de-abc-de-las-emociones-para-6-8-millones-de-adolescentes","status":"publish","type":"post","link":"https:\/\/www.septinoticias.com.mx\/?p=143618","title":{"rendered":"Presidenta Sheinbaum Anuncia Inicio de Abc de las Emociones Para 6.8 Millones de Adolescentes"},"content":{"rendered":"\t\t<div data-elementor-type=\"wp-post\" data-elementor-id=\"143618\" class=\"elementor elementor-143618\">\n\t\t\t\t\t\t\t\t\t<section class=\"elementor-section elementor-top-section elementor-element elementor-element-20bbcd3b elementor-section-boxed elementor-section-height-default elementor-section-height-default\" data-id=\"20bbcd3b\" data-element_type=\"section\">\n\t\t\t\t\t\t<div class=\"elementor-container elementor-column-gap-default\">\n\t\t\t\t\t<div class=\"elementor-column elementor-col-100 elementor-top-column elementor-element elementor-element-33be02ef\" data-id=\"33be02ef\" data-element_type=\"column\">\n\t\t\t<div class=\"elementor-widget-wrap elementor-element-populated\">\n\t\t\t\t\t\t\t\t<div class=\"elementor-element elementor-element-6c4a91f9 elementor-widget elementor-widget-text-editor\" data-id=\"6c4a91f9\" data-element_type=\"widget\" data-widget_type=\"text-editor.default\">\n\t\t\t\t<div class=\"elementor-widget-container\">\n\t\t\t<style>\/*! elementor - v3.10.1 - 17-01-2023 *\/\n.elementor-widget-text-editor.elementor-drop-cap-view-stacked .elementor-drop-cap{background-color:#818a91;color:#fff}.elementor-widget-text-editor.elementor-drop-cap-view-framed .elementor-drop-cap{color:#818a91;border:3px solid;background-color:transparent}.elementor-widget-text-editor:not(.elementor-drop-cap-view-default) .elementor-drop-cap{margin-top:8px}.elementor-widget-text-editor:not(.elementor-drop-cap-view-default) .elementor-drop-cap-letter{width:1em;height:1em}.elementor-widget-text-editor .elementor-drop-cap{float:left;text-align:center;line-height:1;font-size:50px}.elementor-widget-text-editor .elementor-drop-cap-letter{display:inline-block}<\/style>\t\t\t\t<p><strong>Ciudad de M\u00e9xico. 31 agosto, 2026.- <\/strong>Desde la Escuela Secundaria T\u00e9cnica No. 10 \u201cArtes Gr\u00e1ficas\u201d de la Ciudad de M\u00e9xico, la presidenta Claudia Sheinbaum Pardo encabez\u00f3 el inicio del\u00a0<strong>ciclo escola<\/strong>r 2026-2027; la ceremonia c\u00edvica estuvo a cargo de la escolta del plantel.<\/p><p>Tras enviar un saludo a m\u00e1s de 28 millones de estudiantes de educaci\u00f3n b\u00e1sica y media superior que hoy inician clases, la primera mandataria anunci\u00f3 el comienzo del programa\u00a0El ABC de las emociones\u00a0para contribuir a la salud mental de ni\u00f1as, ni\u00f1os y adolescentes con apoyo de maestros, madres y padres.<\/p><p>\u201cTodos los lunes en tercero de secundaria y educaci\u00f3n media superior \u2014si hace falta lo ampliamos a los otros grados\u2014 va a haber una pl\u00e1tica con maestras y maestros sobre el ABC de las emociones. Si nos sentimos tristes, preocupados; si tenemos un problema en casa, si nos da una angustia que no ten\u00edamos o que al ver las redes sociales durante muchas horas nos provoca alg\u00fan problema en nuestras emociones, los lunes lo vamos a poder platicar en el sal\u00f3n de clases.\u201d<\/p><p>Se\u00f1al\u00f3 que el gobierno federal estar\u00e1 cerca de los adolescentes a trav\u00e9s de gu\u00edas y asambleas con maestros, madres y padres para hablar sobre los\u00a0problemas emocionales\u00a0que se viven en esta etapa.<\/p><p>Apunt\u00f3 que la estrategia conjunta integra informaci\u00f3n, socializaci\u00f3n y orientaci\u00f3n en valores con la experiencia en aula de maestras y maestros.<\/p><p>Luego de informar que 81 por ciento de los docentes est\u00e1n de acuerdo en\u00a0restringir el uso de dispositivos m\u00f3viles\u00a0durante la estancia en la escuela, la jefa del Ejecutivo federal mencion\u00f3 que se definir\u00e1 la regulaci\u00f3n durante la pr\u00f3xima reuni\u00f3n de titulares de Secretar\u00edas de Educaci\u00f3n P\u00fablica.<\/p><p>Tambi\u00e9n destac\u00f3 la importancia de la Beca Rita Cetina que reciben todos los estudiantes de primarias y secundarias p\u00fablicas para que lleguen a clases en igualdad de condiciones.<\/p><p>El secretario de Educaci\u00f3n P\u00fablica, Mario Delgado Carrillo, mencion\u00f3 que m\u00e1s de 28 millones de estudiantes comienzan el ciclo escolar con las becas Rita Cetina y Benito Ju\u00e1rez, as\u00ed como el apoyo de\u00a01.6 millones de docentes\u00a0en 250 mil escuelas.<\/p><p>\u201cEs el primer ciclo escolar donde ya tenemos una cobertura universal en primaria, secundaria y preparatoria.\u201d<\/p><p>Indic\u00f3 que El ABC de las emociones ayudar\u00e1 a los estudiantes a identificar y comprender lo que sienten.<\/p><p>Se trata de una serie de materiales preparados por gu\u00edas para dar\u00a0prioridad a la salud mental\u00a0como asunto colectivo.<\/p><p>La subsecretaria de Educaci\u00f3n Media Superior, Tania Rodr\u00edguez Mora, expuso que El ABC de las emociones est\u00e1 dirigido a j\u00f3venes de\u00a014 a 18 a\u00f1os\u00a0con enfoque preventivo y comunitario para llegar a todas las escuelas del pa\u00eds en beneficio de su bienestar socioemocional.<\/p><p>Trabajar\u00e1 en torno a la capacidad de comunicarnos, convivencia en escuelas y familia, identificar cu\u00e1ndo es importante pedir ayuda y c\u00f3mo relacionarnos con dispositivos m\u00f3viles, entre otros temas.<\/p><p>Inicia con una campa\u00f1a de difusi\u00f3n, as\u00ed como la entrega de\u00a016 millones de gu\u00edas\u00a0para estudiantes, familias y docentes, que incluyen ejercicios en el sal\u00f3n de clases.<\/p><p>Las sesiones en grupo ser\u00e1n de una hora por semana para\u00a01.8 millones de alumnos\u00a0de tercero de secundaria y cinco millones de bachillerato.<\/p><p>Asimismo, madres, padres y personas cuidadoras participar\u00e1n en 35 mil 458 asambleas informativas entre octubre y diciembre.<\/p><p>A partir del\u00a023 de septiembre, integrantes de los tres \u00f3rdenes de gobierno visitar\u00e1n los planteles para leer junto con las comunidades escolares, y brigadas m\u00e9dicas ense\u00f1ar\u00e1n a fortalecer la salud emocional.<\/p><p>Estas acciones tambi\u00e9n estar\u00e1n al servicio de los j\u00f3venes en los cien centros comunitarios M\u00e9xico Imparable.<\/p><p>Igualmente, la L\u00ednea de la Vida est\u00e1 disponible las 24 horas en el\u00a0800 911 2000\u00a0para brindar apoyo a los j\u00f3venes e informar sobre el ABC de las emociones:\u00a0<\/p><p>M\u00e1s informaci\u00f3n:\u00a0<a href=\"https:\/\/abcdelasemociones.sep.gob.mx\/\">abcdelasemociones.sep.gob.mx<\/a><\/p><p><strong>\u00a0<\/strong><\/p>\t\t\t\t\t\t<\/div>\n\t\t\t\t<\/div>\n\t\t\t\t\t<\/div>\n\t\t<\/div>\n\t\t\t\t\t\t\t<\/div>\n\t\t<\/section>\n\t\t\t\t\t\t\t<\/div>\n\t\t","protected":false},"excerpt":{"rendered":"<p>Ciudad de M\u00e9xico. 31 agosto, 2026.- Desde la Escuela Secundaria T\u00e9cnica No. 10 \u201cArtes Gr\u00e1ficas\u201d de la Ciudad de M\u00e9xico, la presidenta Claudia Sheinbaum Pardo encabez\u00f3 el inicio del\u00a0ciclo escolar 2026-2027; la ceremonia c\u00edvica estuvo a cargo de la escolta del plantel. Tras enviar un saludo a m\u00e1s de 28 millones de estudiantes de educaci\u00f3n [&hellip;]<\/p>\n","protected":false},"author":1,"featured_media":143620,"comment_status":"closed","ping_status":"closed","sticky":false,"template":"","format":"standard","meta":[],"categories":[8],"tags":[],"_links":{"self":[{"href":"https:\/\/www.septinoticias.com.mx\/index.php?rest_route=\/wp\/v2\/posts\/143618"}],"collection":[{"href":"https:\/\/www.septinoticias.com.mx\/index.php?rest_route=\/wp\/v2\/posts"}],"about":[{"href":"https:\/\/www.septinoticias.com.mx\/index.php?rest_route=\/wp\/v2\/types\/post"}],"author":[{"embeddable":true,"href":"https:\/\/www.septinoticias.com.mx\/index.php?rest_route=\/wp\/v2\/users\/1"}],"replies":[{"embeddable":true,"href":"https:\/\/www.septinoticias.com.mx\/index.php?rest_route=%2Fwp%2Fv2%2Fcomments&post=143618"}],"version-history":[{"count":4,"href":"https:\/\/www.septinoticias.com.mx\/index.php?rest_route=\/wp\/v2\/posts\/143618\/revisions"}],"predecessor-version":[{"id":143623,"href":"https:\/\/www.septinoticias.com.mx\/index.php?rest_route=\/wp\/v2\/posts\/143618\/revisions\/143623"}],"wp:featuredmedia":[{"embeddable":true,"href":"https:\/\/www.septinoticias.com.mx\/index.php?rest_route=\/wp\/v2\/media\/143620"}],"wp:attachment":[{"href":"https:\/\/www.septinoticias.com.mx\/index.php?rest_route=%2Fwp%2Fv2%2Fmedia&parent=143618"}],"wp:term":[{"taxonomy":"category","embeddable":true,"href":"https:\/\/www.septinoticias.com.mx\/index.php?rest_route=%2Fwp%2Fv2%2Fcategories&post=143618"},{"taxonomy":"post_tag","embeddable":true,"href":"https:\/\/www.septinoticias.com.mx\/index.php?rest_route=%2Fwp%2Fv2%2Ftags&post=143618"}],"curies":[{"name":"wp","href":"https:\/\/api.w.org\/{rel}","templated":true}]}}