{"id":143606,"date":"2026-09-01T08:06:18","date_gmt":"2026-09-01T08:06:18","guid":{"rendered":"https:\/\/www.septinoticias.com.mx\/?p=143606"},"modified":"2026-09-01T15:07:57","modified_gmt":"2026-09-01T15:07:57","slug":"julio-menchaca-consolida-vinculacion-estrategica-con-el-sector-privado","status":"publish","type":"post","link":"https:\/\/www.septinoticias.com.mx\/?p=143606","title":{"rendered":"Julio Menchaca Consolida Vinculaci\u00f3n Estrat\u00e9gica Con el Sector Privado"},"content":{"rendered":"\t\t<div data-elementor-type=\"wp-post\" data-elementor-id=\"143606\" class=\"elementor elementor-143606\">\n\t\t\t\t\t\t\t\t\t<section class=\"elementor-section elementor-top-section elementor-element elementor-element-20bbcd3b elementor-section-boxed elementor-section-height-default elementor-section-height-default\" data-id=\"20bbcd3b\" data-element_type=\"section\">\n\t\t\t\t\t\t<div class=\"elementor-container elementor-column-gap-default\">\n\t\t\t\t\t<div class=\"elementor-column elementor-col-100 elementor-top-column elementor-element elementor-element-33be02ef\" data-id=\"33be02ef\" data-element_type=\"column\">\n\t\t\t<div class=\"elementor-widget-wrap elementor-element-populated\">\n\t\t\t\t\t\t\t\t<div class=\"elementor-element elementor-element-6c4a91f9 elementor-widget elementor-widget-text-editor\" data-id=\"6c4a91f9\" data-element_type=\"widget\" data-widget_type=\"text-editor.default\">\n\t\t\t\t<div class=\"elementor-widget-container\">\n\t\t\t<style>\/*! elementor - v3.10.1 - 17-01-2023 *\/\n.elementor-widget-text-editor.elementor-drop-cap-view-stacked .elementor-drop-cap{background-color:#818a91;color:#fff}.elementor-widget-text-editor.elementor-drop-cap-view-framed .elementor-drop-cap{color:#818a91;border:3px solid;background-color:transparent}.elementor-widget-text-editor:not(.elementor-drop-cap-view-default) .elementor-drop-cap{margin-top:8px}.elementor-widget-text-editor:not(.elementor-drop-cap-view-default) .elementor-drop-cap-letter{width:1em;height:1em}.elementor-widget-text-editor .elementor-drop-cap{float:left;text-align:center;line-height:1;font-size:50px}.elementor-widget-text-editor .elementor-drop-cap-letter{display:inline-block}<\/style>\t\t\t\t<p><strong>*El mandatario particip\u00f3 en el foro \u201cEs tiempo de Hidalgo, Potencia en Marcha\u201d<\/strong><\/p><p><strong>Pachuca, Hgo., 31 de agosto de 2026.-<\/strong>El estado de Hidalgo es una potencia en marcha que mantendr\u00e1 una vinculaci\u00f3n estrat\u00e9gica entre el gobierno estatal y el sector privado para generar nuevas oportunidades e impulsar el bienestar a las familias hidalguenses, afirm\u00f3 el gobernador Julio Menchaca Salazar en el marco del foro \u201cEs tiempo de Hidalgo, Potencia en Marcha\u201d.<\/p><p>Durante su mensaje, el mandatario reconoci\u00f3 la iniciativa del Banco Multiva para generar el intercambio de opiniones y establecer una comunicaci\u00f3n directa entre el sector productivo y el gobierno de Hidalgo, el cual tiene claro que se debe facilitar la llegada de nuevas inversiones, respetando los lineamientos que permitan tener empresas socialmente responsables en la entidad.<\/p><p>\u201cCon el noveno anuncio de inversiones, son 147 mil millones de pesos comprometidos para generar aproximadamente 191 mil empleos. Los resultados que se han dado en el transcurso de estos cuatro a\u00f1os son producto del trabajo de miles de hidalguenses, mujeres y hombres que desde cada trinchera aportan su capacidad, su talento, su inteligencia, su cari\u00f1o por su tierra, por su comunidad, por su municipio, por el estado y por M\u00e9xico\u201d, precis\u00f3.<\/p><p>Por lo anterior, Tamara Caballero Velasco, directora general de Banco Multiva, manifest\u00f3 que estos foros estatales de alto nivel buscan reunir a las autoridades, empresarios, inversionistas y especialistas que conocen los proyectos que est\u00e1n transformando y definiendo el futuro de cada regi\u00f3n del pa\u00eds.<\/p><p>\u201cSi hab\u00eda un lugar en donde esta conversaci\u00f3n deb\u00eda iniciar era precisamente en Hidalgo. Sin ninguna duda, su ubicaci\u00f3n estrat\u00e9gica, la cercan\u00eda con los principales centros econ\u00f3micos del pa\u00eds, la disponibilidad del talento calificado, el fortalecimiento de su infraestructura y una agenda p\u00fablica orientada al crecimiento lo han colocado como una de las entidades con mayor potencial para los a\u00f1os que vienen, pero lo m\u00e1s importante es que ese potencial se est\u00e1 convirtiendo en realidad\u201d, declar\u00f3.<\/p><p>Por su parte, Mar\u00eda Esther Ram\u00edrez Vargas, secretaria de Hacienda de Hidalgo, detall\u00f3 que, durante la presente administraci\u00f3n, se ha invertido m\u00e1s en infraestructura, programas sociales y servicios p\u00fablicos que en los \u00faltimos 30 a\u00f1os; adem\u00e1s, la deuda p\u00fablica heredada por anteriores gobiernos se ha disminuido 42 por ciento, resultado de la decisi\u00f3n pol\u00edtica del gobernador Julio Menchaca de poner orden para poder transformar.<\/p><p>\u201cHoy podemos ver al futuro porque tenemos proyectos, tenemos infraestructura en crecimiento, tenemos estabilidad financiera, tenemos inversi\u00f3n p\u00fablica y privada; Hidalgo es un socio confiable, con una visi\u00f3n clara de futuro\u201d, concluy\u00f3.<\/p>\t\t\t\t\t\t<\/div>\n\t\t\t\t<\/div>\n\t\t\t\t\t<\/div>\n\t\t<\/div>\n\t\t\t\t\t\t\t<\/div>\n\t\t<\/section>\n\t\t\t\t<section class=\"elementor-section elementor-top-section elementor-element elementor-element-93ef031 elementor-section-boxed elementor-section-height-default elementor-section-height-default\" data-id=\"93ef031\" data-element_type=\"section\">\n\t\t\t\t\t\t<div class=\"elementor-container elementor-column-gap-default\">\n\t\t\t\t\t<div class=\"elementor-column elementor-col-50 elementor-top-column elementor-element elementor-element-d8396d5\" data-id=\"d8396d5\" data-element_type=\"column\">\n\t\t\t<div class=\"elementor-widget-wrap elementor-element-populated\">\n\t\t\t\t\t\t\t\t<div class=\"elementor-element elementor-element-42d99b8 elementor-aspect-ratio-169 elementor-widget elementor-widget-video\" data-id=\"42d99b8\" data-element_type=\"widget\" data-settings=\"{&quot;youtube_url&quot;:&quot;https:\\\/\\\/youtu.be\\\/QlGgbiA7Y2Y&quot;,&quot;video_type&quot;:&quot;youtube&quot;,&quot;controls&quot;:&quot;yes&quot;,&quot;aspect_ratio&quot;:&quot;169&quot;}\" data-widget_type=\"video.default\">\n\t\t\t\t<div class=\"elementor-widget-container\">\n\t\t\t<style>\/*! elementor - v3.10.1 - 17-01-2023 *\/\n.elementor-widget-video .elementor-widget-container{overflow:hidden;transform:translateZ(0)}.elementor-widget-video .elementor-open-inline .elementor-custom-embed-image-overlay{position:absolute;top:0;left:0;width:100%;height:100%;background-size:cover;background-position:50%}.elementor-widget-video .elementor-custom-embed-image-overlay{cursor:pointer;text-align:center}.elementor-widget-video .elementor-custom-embed-image-overlay:hover .elementor-custom-embed-play i{opacity:1}.elementor-widget-video .elementor-custom-embed-image-overlay img{display:block;width:100%}.elementor-widget-video .e-hosted-video .elementor-video{-o-object-fit:cover;object-fit:cover}.e-con-inner>.elementor-widget-video,.e-con>.elementor-widget-video{width:var(--container-widget-width);--flex-grow:var(--container-widget-flex-grow)}<\/style>\t\t<div class=\"elementor-wrapper elementor-fit-aspect-ratio elementor-open-inline\">\n\t\t\t<div class=\"elementor-video\"><\/div>\t\t<\/div>\n\t\t\t\t<\/div>\n\t\t\t\t<\/div>\n\t\t\t\t\t<\/div>\n\t\t<\/div>\n\t\t\t\t<div class=\"elementor-column elementor-col-50 elementor-top-column elementor-element elementor-element-353e680\" data-id=\"353e680\" data-element_type=\"column\">\n\t\t\t<div class=\"elementor-widget-wrap elementor-element-populated\">\n\t\t\t\t\t\t\t\t<div class=\"elementor-element elementor-element-00cbb89 elementor-aspect-ratio-169 elementor-widget elementor-widget-video\" data-id=\"00cbb89\" data-element_type=\"widget\" data-settings=\"{&quot;youtube_url&quot;:&quot;https:\\\/\\\/youtu.be\\\/tGOBf2G0uKY&quot;,&quot;video_type&quot;:&quot;youtube&quot;,&quot;controls&quot;:&quot;yes&quot;,&quot;aspect_ratio&quot;:&quot;169&quot;}\" data-widget_type=\"video.default\">\n\t\t\t\t<div class=\"elementor-widget-container\">\n\t\t\t\t\t<div class=\"elementor-wrapper elementor-fit-aspect-ratio elementor-open-inline\">\n\t\t\t<div class=\"elementor-video\"><\/div>\t\t<\/div>\n\t\t\t\t<\/div>\n\t\t\t\t<\/div>\n\t\t\t\t\t<\/div>\n\t\t<\/div>\n\t\t\t\t\t\t\t<\/div>\n\t\t<\/section>\n\t\t\t\t\t\t\t<\/div>\n\t\t","protected":false},"excerpt":{"rendered":"<p>*El mandatario particip\u00f3 en el foro \u201cEs tiempo de Hidalgo, Potencia en Marcha\u201d Pachuca, Hgo., 31 de agosto de 2026.-El estado de Hidalgo es una potencia en marcha que mantendr\u00e1 una vinculaci\u00f3n estrat\u00e9gica entre el gobierno estatal y el sector privado para generar nuevas oportunidades e impulsar el bienestar a las familias hidalguenses, afirm\u00f3 el [&hellip;]<\/p>\n","protected":false},"author":1,"featured_media":143608,"comment_status":"closed","ping_status":"closed","sticky":false,"template":"","format":"standard","meta":[],"categories":[5],"tags":[],"_links":{"self":[{"href":"https:\/\/www.septinoticias.com.mx\/index.php?rest_route=\/wp\/v2\/posts\/143606"}],"collection":[{"href":"https:\/\/www.septinoticias.com.mx\/index.php?rest_route=\/wp\/v2\/posts"}],"about":[{"href":"https:\/\/www.septinoticias.com.mx\/index.php?rest_route=\/wp\/v2\/types\/post"}],"author":[{"embeddable":true,"href":"https:\/\/www.septinoticias.com.mx\/index.php?rest_route=\/wp\/v2\/users\/1"}],"replies":[{"embeddable":true,"href":"https:\/\/www.septinoticias.com.mx\/index.php?rest_route=%2Fwp%2Fv2%2Fcomments&post=143606"}],"version-history":[{"count":4,"href":"https:\/\/www.septinoticias.com.mx\/index.php?rest_route=\/wp\/v2\/posts\/143606\/revisions"}],"predecessor-version":[{"id":143611,"href":"https:\/\/www.septinoticias.com.mx\/index.php?rest_route=\/wp\/v2\/posts\/143606\/revisions\/143611"}],"wp:featuredmedia":[{"embeddable":true,"href":"https:\/\/www.septinoticias.com.mx\/index.php?rest_route=\/wp\/v2\/media\/143608"}],"wp:attachment":[{"href":"https:\/\/www.septinoticias.com.mx\/index.php?rest_route=%2Fwp%2Fv2%2Fmedia&parent=143606"}],"wp:term":[{"taxonomy":"category","embeddable":true,"href":"https:\/\/www.septinoticias.com.mx\/index.php?rest_route=%2Fwp%2Fv2%2Fcategories&post=143606"},{"taxonomy":"post_tag","embeddable":true,"href":"https:\/\/www.septinoticias.com.mx\/index.php?rest_route=%2Fwp%2Fv2%2Ftags&post=143606"}],"curies":[{"name":"wp","href":"https:\/\/api.w.org\/{rel}","templated":true}]}}