{"id":1436,"date":"2023-01-21T05:04:04","date_gmt":"2023-01-21T05:04:04","guid":{"rendered":"https:\/\/www.septinoticias.com.mx\/?p=1436"},"modified":"2023-01-24T05:05:24","modified_gmt":"2023-01-24T05:05:24","slug":"primer-tamalfest-en-tulancingo-premiaran-tamal-mas-innovador","status":"publish","type":"post","link":"https:\/\/www.septinoticias.com.mx\/?p=1436","title":{"rendered":"\u201cPrimer Tamalfest\u201d en Tulancingo; Premiar\u00e1n Tamal M\u00e1s Innovador"},"content":{"rendered":"\t\t<div data-elementor-type=\"wp-post\" data-elementor-id=\"1436\" class=\"elementor elementor-1436\">\n\t\t\t\t\t\t\t\t\t<section class=\"elementor-section elementor-top-section elementor-element elementor-element-20bbcd3b elementor-section-boxed elementor-section-height-default elementor-section-height-default\" data-id=\"20bbcd3b\" data-element_type=\"section\">\n\t\t\t\t\t\t<div class=\"elementor-container elementor-column-gap-default\">\n\t\t\t\t\t<div class=\"elementor-column elementor-col-100 elementor-top-column elementor-element elementor-element-33be02ef\" data-id=\"33be02ef\" data-element_type=\"column\">\n\t\t\t<div class=\"elementor-widget-wrap elementor-element-populated\">\n\t\t\t\t\t\t\t\t<div class=\"elementor-element elementor-element-6c4a91f9 elementor-widget elementor-widget-text-editor\" data-id=\"6c4a91f9\" data-element_type=\"widget\" data-widget_type=\"text-editor.default\">\n\t\t\t\t<div class=\"elementor-widget-container\">\n\t\t\t<style>\/*! elementor - v3.10.1 - 17-01-2023 *\/\n.elementor-widget-text-editor.elementor-drop-cap-view-stacked .elementor-drop-cap{background-color:#818a91;color:#fff}.elementor-widget-text-editor.elementor-drop-cap-view-framed .elementor-drop-cap{color:#818a91;border:3px solid;background-color:transparent}.elementor-widget-text-editor:not(.elementor-drop-cap-view-default) .elementor-drop-cap{margin-top:8px}.elementor-widget-text-editor:not(.elementor-drop-cap-view-default) .elementor-drop-cap-letter{width:1em;height:1em}.elementor-widget-text-editor .elementor-drop-cap{float:left;text-align:center;line-height:1;font-size:50px}.elementor-widget-text-editor .elementor-drop-cap-letter{display:inline-block}<\/style>\t\t\t\t<p style=\"text-align: center;\"><strong>Tulancingoi, Hgo. 21 de enero 2023.- <\/strong>En el marco del D\u00eda de la Candelaria, el ayuntamiento de Tulancingo invita a participar en el Primer Festival del Tamal 2023, que se realizar\u00e1 el 2 de febrero en el Jard\u00edn La Floresta.<\/p><p style=\"text-align: center;\">Adem\u00e1s de la venta de tamales a partir de las 6:00 horas, se premiar\u00e1 por elaborar el m\u00e1s innovador.<\/p><p style=\"text-align: center;\">El primer lugar ser\u00e1 merecedor de 3 mil pesos, segundo lugar 2 mil pesos y tercer lugar mil pesos.<\/p><p style=\"text-align: center;\">Los interesados en participar tienen hasta el 30 de enero para realizar su registro con copia de identificaci\u00f3n con fotograf\u00eda y nombre del negocio, en la Secretar\u00eda de Desarrollo Humano y Social.<\/p><p style=\"text-align: center;\">Lo anterior de acuerdo a la convocatoria que este jueves dio a conocer el gobierno municipal de Tulancingo, en la que se\u00f1ala que podr\u00e1 participar cualquier persona mayor de 18 a\u00f1os.<\/p><p style=\"text-align: center;\">La presentaci\u00f3n del tamal deber\u00e1 ser de acuerdo a la creatividad de los expositores, quienes tendr\u00e1n 2 minutos para dar a conocer su creaci\u00f3n luego del evento protocolario programado a las 9:00 horas.<\/p><p style=\"text-align: center;\">Despu\u00e9s de la premiaci\u00f3n a los primeros tres lugares, el resto de los participantes obtendr\u00e1n un reconocimiento por su participaci\u00f3n.<\/p><p style=\"text-align: center;\">El jurado estar\u00e1 integrado por personas expertas en la preparaci\u00f3n de alimentos.<\/p>\t\t\t\t\t\t<\/div>\n\t\t\t\t<\/div>\n\t\t\t\t\t<\/div>\n\t\t<\/div>\n\t\t\t\t\t\t\t<\/div>\n\t\t<\/section>\n\t\t\t\t\t\t\t<\/div>\n\t\t","protected":false},"excerpt":{"rendered":"<p>Tulancingoi, Hgo. 21 de enero 2023.- En el marco del D\u00eda de la Candelaria, el ayuntamiento de Tulancingo invita a participar en el Primer Festival del Tamal 2023, que se realizar\u00e1 el 2 de febrero en el Jard\u00edn La Floresta. Adem\u00e1s de la venta de tamales a partir de las 6:00 horas, se premiar\u00e1 por [&hellip;]<\/p>\n","protected":false},"author":1,"featured_media":1438,"comment_status":"closed","ping_status":"closed","sticky":false,"template":"","format":"standard","meta":[],"categories":[7],"tags":[],"_links":{"self":[{"href":"https:\/\/www.septinoticias.com.mx\/index.php?rest_route=\/wp\/v2\/posts\/1436"}],"collection":[{"href":"https:\/\/www.septinoticias.com.mx\/index.php?rest_route=\/wp\/v2\/posts"}],"about":[{"href":"https:\/\/www.septinoticias.com.mx\/index.php?rest_route=\/wp\/v2\/types\/post"}],"author":[{"embeddable":true,"href":"https:\/\/www.septinoticias.com.mx\/index.php?rest_route=\/wp\/v2\/users\/1"}],"replies":[{"embeddable":true,"href":"https:\/\/www.septinoticias.com.mx\/index.php?rest_route=%2Fwp%2Fv2%2Fcomments&post=1436"}],"version-history":[{"count":4,"href":"https:\/\/www.septinoticias.com.mx\/index.php?rest_route=\/wp\/v2\/posts\/1436\/revisions"}],"predecessor-version":[{"id":1441,"href":"https:\/\/www.septinoticias.com.mx\/index.php?rest_route=\/wp\/v2\/posts\/1436\/revisions\/1441"}],"wp:featuredmedia":[{"embeddable":true,"href":"https:\/\/www.septinoticias.com.mx\/index.php?rest_route=\/wp\/v2\/media\/1438"}],"wp:attachment":[{"href":"https:\/\/www.septinoticias.com.mx\/index.php?rest_route=%2Fwp%2Fv2%2Fmedia&parent=1436"}],"wp:term":[{"taxonomy":"category","embeddable":true,"href":"https:\/\/www.septinoticias.com.mx\/index.php?rest_route=%2Fwp%2Fv2%2Fcategories&post=1436"},{"taxonomy":"post_tag","embeddable":true,"href":"https:\/\/www.septinoticias.com.mx\/index.php?rest_route=%2Fwp%2Fv2%2Ftags&post=1436"}],"curies":[{"name":"wp","href":"https:\/\/api.w.org\/{rel}","templated":true}]}}