{"id":143565,"date":"2026-09-01T07:57:41","date_gmt":"2026-09-01T07:57:41","guid":{"rendered":"https:\/\/www.septinoticias.com.mx\/?p=143565"},"modified":"2026-09-01T14:58:31","modified_gmt":"2026-09-01T14:58:31","slug":"impulsan-autonomia-laboral-de-personas-con-discapacidad-en-hidalgo","status":"publish","type":"post","link":"https:\/\/www.septinoticias.com.mx\/?p=143565","title":{"rendered":"Impulsan Autonom\u00eda Laboral de Personas Con Discapacidad en Hidalgo"},"content":{"rendered":"\t\t<div data-elementor-type=\"wp-post\" data-elementor-id=\"143565\" class=\"elementor elementor-143565\">\n\t\t\t\t\t\t\t\t\t<section class=\"elementor-section elementor-top-section elementor-element elementor-element-20bbcd3b elementor-section-boxed elementor-section-height-default elementor-section-height-default\" data-id=\"20bbcd3b\" data-element_type=\"section\">\n\t\t\t\t\t\t<div class=\"elementor-container elementor-column-gap-default\">\n\t\t\t\t\t<div class=\"elementor-column elementor-col-100 elementor-top-column elementor-element elementor-element-33be02ef\" data-id=\"33be02ef\" data-element_type=\"column\">\n\t\t\t<div class=\"elementor-widget-wrap elementor-element-populated\">\n\t\t\t\t\t\t\t\t<div class=\"elementor-element elementor-element-6c4a91f9 elementor-widget elementor-widget-text-editor\" data-id=\"6c4a91f9\" data-element_type=\"widget\" data-widget_type=\"text-editor.default\">\n\t\t\t\t<div class=\"elementor-widget-container\">\n\t\t\t<style>\/*! elementor - v3.10.1 - 17-01-2023 *\/\n.elementor-widget-text-editor.elementor-drop-cap-view-stacked .elementor-drop-cap{background-color:#818a91;color:#fff}.elementor-widget-text-editor.elementor-drop-cap-view-framed .elementor-drop-cap{color:#818a91;border:3px solid;background-color:transparent}.elementor-widget-text-editor:not(.elementor-drop-cap-view-default) .elementor-drop-cap{margin-top:8px}.elementor-widget-text-editor:not(.elementor-drop-cap-view-default) .elementor-drop-cap-letter{width:1em;height:1em}.elementor-widget-text-editor .elementor-drop-cap{float:left;text-align:center;line-height:1;font-size:50px}.elementor-widget-text-editor .elementor-drop-cap-letter{display:inline-block}<\/style>\t\t\t\t<p><strong>*El programa cuenta con una comunidad activa de 30 personas, 10 productoras y 20 practicantes<\/strong><\/p><p><strong>Pachuca, Hgo., 31 de agosto de 2026.-<\/strong> Con el compromiso de construir un estado m\u00e1s equitativo, accesible y humano, la Secretar\u00eda de Bienestar e Inclusi\u00f3n Social (Sebiso), a trav\u00e9s de la Direcci\u00f3n de Inclusi\u00f3n para las Personas con Discapacidad, lleva a cabo un taller de habilidades laborales dise\u00f1ado para abrir puertas a la experiencia pr\u00e1ctica y promover la autonom\u00eda econ\u00f3mica de las personas con discapacidad en Hidalgo.<\/p><p>Esta iniciativa ofrece a las y los participantes la oportunidad de adentrarse en el sector productivo mediante un programa de formaci\u00f3n enfocado en la costura, centrado principalmente en la elaboraci\u00f3n artesanal de piezas para peluches.<\/p><p>M\u00e1s all\u00e1 de una t\u00e9cnica manual, el taller est\u00e1 estructurado para que las y los asistentes aprendan sobre los procesos de producci\u00f3n y desarrollen habilidades clave como la gesti\u00f3n del tiempo, el cumplimiento de metas y la disciplina de un esquema de trabajo adaptado a sus din\u00e1micas familiares desde casa, sentando las bases para que en el futuro puedan postular a oportunidades laborales de mayor formalidad.<\/p><p>Las jornadas de formaci\u00f3n se realizan de manera presencial en las instalaciones de la Direcci\u00f3n de Inclusi\u00f3n, donde el personal capacita a las y los asistentes en las t\u00e9cnicas de costura y confecci\u00f3n.<\/p><p>Conforme las y los participantes avanzan y perfeccionan su producci\u00f3n, la f\u00e1brica receptora de estas piezas puede adquirirlas y brindar un apoyo econ\u00f3mico directo durante su capacitaci\u00f3n. Este beneficio monetario sirve como un incentivo constante que inspira, recompensa y reconoce su valioso esfuerzo e impulso productivo.<\/p><p>Adem\u00e1s del impacto econ\u00f3mico y el aprendizaje t\u00e9cnico, el espacio de capacitaci\u00f3n se ha consolidado como un entorno recreativo y de convivencia comunitaria, permitiendo a las y los asistentes tejer redes de apoyo mutuo, socializar y fortalecer lazos afectivos que abaten el aislamiento social.<\/p><p>Al respecto, el director de Inclusi\u00f3n para las Personas con Discapacidad, Alfonso Hayyim Flores Barrera, destac\u00f3: \u201cEn este gobierno demostramos que las personas con discapacidad merecen y tienen la capacidad plena de sentirse \u00fatiles, productivas y ser protagonistas de su propio desarrollo, adquiriendo herramientas clave para adentrarse al mercado laboral formal\u201d.<\/p><p>Hasta la fecha, el programa cuenta con una comunidad activa de 30 personas, 10 productoras y 20 practicantes en proceso de perfeccionamiento, quienes han alcanzado la destacada cifra de m\u00e1s de 9 mil piezas elaboradas y entregadas.<\/p><p>Las personas interesadas en formar parte de este programa o en solicitar mayores informes pueden comunicarse al tel\u00e9fono 771 717 6000 extensi\u00f3n 4491, acudir directamente a las oficinas ubicadas en Calle 16 de enero #309, Colonia Revoluci\u00f3n, en Pachuca, Hidalgo, C.P. 42060, o bien consultar los detalles a trav\u00e9s de las redes sociales oficiales en facebook.com\/DiscapacidadHgo.<\/p><p>\u00a0<\/p>\t\t\t\t\t\t<\/div>\n\t\t\t\t<\/div>\n\t\t\t\t\t<\/div>\n\t\t<\/div>\n\t\t\t\t\t\t\t<\/div>\n\t\t<\/section>\n\t\t\t\t\t\t\t<\/div>\n\t\t","protected":false},"excerpt":{"rendered":"<p>*El programa cuenta con una comunidad activa de 30 personas, 10 productoras y 20 practicantes Pachuca, Hgo., 31 de agosto de 2026.- Con el compromiso de construir un estado m\u00e1s equitativo, accesible y humano, la Secretar\u00eda de Bienestar e Inclusi\u00f3n Social (Sebiso), a trav\u00e9s de la Direcci\u00f3n de Inclusi\u00f3n para las Personas con Discapacidad, lleva [&hellip;]<\/p>\n","protected":false},"author":1,"featured_media":143567,"comment_status":"closed","ping_status":"closed","sticky":false,"template":"","format":"standard","meta":[],"categories":[5],"tags":[],"_links":{"self":[{"href":"https:\/\/www.septinoticias.com.mx\/index.php?rest_route=\/wp\/v2\/posts\/143565"}],"collection":[{"href":"https:\/\/www.septinoticias.com.mx\/index.php?rest_route=\/wp\/v2\/posts"}],"about":[{"href":"https:\/\/www.septinoticias.com.mx\/index.php?rest_route=\/wp\/v2\/types\/post"}],"author":[{"embeddable":true,"href":"https:\/\/www.septinoticias.com.mx\/index.php?rest_route=\/wp\/v2\/users\/1"}],"replies":[{"embeddable":true,"href":"https:\/\/www.septinoticias.com.mx\/index.php?rest_route=%2Fwp%2Fv2%2Fcomments&post=143565"}],"version-history":[{"count":4,"href":"https:\/\/www.septinoticias.com.mx\/index.php?rest_route=\/wp\/v2\/posts\/143565\/revisions"}],"predecessor-version":[{"id":143570,"href":"https:\/\/www.septinoticias.com.mx\/index.php?rest_route=\/wp\/v2\/posts\/143565\/revisions\/143570"}],"wp:featuredmedia":[{"embeddable":true,"href":"https:\/\/www.septinoticias.com.mx\/index.php?rest_route=\/wp\/v2\/media\/143567"}],"wp:attachment":[{"href":"https:\/\/www.septinoticias.com.mx\/index.php?rest_route=%2Fwp%2Fv2%2Fmedia&parent=143565"}],"wp:term":[{"taxonomy":"category","embeddable":true,"href":"https:\/\/www.septinoticias.com.mx\/index.php?rest_route=%2Fwp%2Fv2%2Fcategories&post=143565"},{"taxonomy":"post_tag","embeddable":true,"href":"https:\/\/www.septinoticias.com.mx\/index.php?rest_route=%2Fwp%2Fv2%2Ftags&post=143565"}],"curies":[{"name":"wp","href":"https:\/\/api.w.org\/{rel}","templated":true}]}}