{"id":143537,"date":"2026-09-01T07:52:54","date_gmt":"2026-09-01T07:52:54","guid":{"rendered":"https:\/\/www.septinoticias.com.mx\/?p=143537"},"modified":"2026-09-01T14:54:13","modified_gmt":"2026-09-01T14:54:13","slug":"bomberos-de-tulancingo-celebran-su-dia-con-homenaje-a-la-vocacion-y-al-servicio","status":"publish","type":"post","link":"https:\/\/www.septinoticias.com.mx\/?p=143537","title":{"rendered":"Bomberos de Tulancingo Celebran su D\u00eda Con Homenaje a la vocaci\u00f3n y al Servicio"},"content":{"rendered":"\t\t<div data-elementor-type=\"wp-post\" data-elementor-id=\"143537\" class=\"elementor elementor-143537\">\n\t\t\t\t\t\t\t\t\t<section class=\"elementor-section elementor-top-section elementor-element elementor-element-20bbcd3b elementor-section-boxed elementor-section-height-default elementor-section-height-default\" data-id=\"20bbcd3b\" data-element_type=\"section\">\n\t\t\t\t\t\t<div class=\"elementor-container elementor-column-gap-default\">\n\t\t\t\t\t<div class=\"elementor-column elementor-col-100 elementor-top-column elementor-element elementor-element-33be02ef\" data-id=\"33be02ef\" data-element_type=\"column\">\n\t\t\t<div class=\"elementor-widget-wrap elementor-element-populated\">\n\t\t\t\t\t\t\t\t<div class=\"elementor-element elementor-element-6c4a91f9 elementor-widget elementor-widget-text-editor\" data-id=\"6c4a91f9\" data-element_type=\"widget\" data-widget_type=\"text-editor.default\">\n\t\t\t\t<div class=\"elementor-widget-container\">\n\t\t\t<style>\/*! elementor - v3.10.1 - 17-01-2023 *\/\n.elementor-widget-text-editor.elementor-drop-cap-view-stacked .elementor-drop-cap{background-color:#818a91;color:#fff}.elementor-widget-text-editor.elementor-drop-cap-view-framed .elementor-drop-cap{color:#818a91;border:3px solid;background-color:transparent}.elementor-widget-text-editor:not(.elementor-drop-cap-view-default) .elementor-drop-cap{margin-top:8px}.elementor-widget-text-editor:not(.elementor-drop-cap-view-default) .elementor-drop-cap-letter{width:1em;height:1em}.elementor-widget-text-editor .elementor-drop-cap{float:left;text-align:center;line-height:1;font-size:50px}.elementor-widget-text-editor .elementor-drop-cap-letter{display:inline-block}<\/style>\t\t\t\t<p><strong>Tulancingo, Hgo., a 27 de agosto de 2026.-<\/strong>Entre recuerdos, reconocimiento y orgullo por una profesi\u00f3n marcada por el riesgo y la entrega, integrantes del Heroico Cuerpo de Bomberos de Tulancingo conmemoraron el D\u00eda Nacional del Bombero, en una jornada dedicada a reconocer su labor en la protecci\u00f3n de la vida y el patrimonio de las familias del municipio.<\/p><p>Las actividades comenzaron con una misa de agradecimiento, seguida de una guardia de honor en memoria de las y los bomberos que perdieron la vida en cumplimiento de su deber. Posteriormente, elementos de la corporaci\u00f3n y sus familias participaron en una convivencia organizada por el Gobierno Municipal.<\/p><p>Durante el encuentro se entregaron reconocimientos y presentes a bomberos que han dedicado parte de su vida al servicio de Tulancingo. Entre ellos destac\u00f3 Ezequiel Romero Castro, quien acumula 34 a\u00f1os de servicio.<\/p><p>Actualmente, el Cuerpo de Bomberos de Tulancingo est\u00e1 integrado por 49 elementos, entre ellos tres mujeres operativas, quienes participan en las labores de atenci\u00f3n de emergencias y representan tambi\u00e9n la incorporaci\u00f3n de m\u00e1s mujeres a una actividad hist\u00f3ricamente dominada por hombres.<\/p><p>Uno de los momentos m\u00e1s emotivos de la jornada fue el reconocimiento a las familias de bomberos que perdieron la vida mientras se encontraban al servicio del municipio.<\/p><p>Durante la ceremonia, la alcaldesa de Tulancingo, Lorena Garc\u00eda C\u00e1zares, destac\u00f3 que detr\u00e1s de cada elemento que sale a atender una emergencia tambi\u00e9n existe una familia que enfrenta la incertidumbre cada vez que suena la alarma y que acompa\u00f1a, desde casa, una profesi\u00f3n que implica riesgos permanentes.<\/p><p>La celebraci\u00f3n sirvi\u00f3 tambi\u00e9n para refrendar el compromiso de continuar fortaleciendo las capacidades y condiciones de trabajo de la corporaci\u00f3n, considerada uno de los pilares de la atenci\u00f3n a emergencias y de la protecci\u00f3n de la poblaci\u00f3n.<\/p>\t\t\t\t\t\t<\/div>\n\t\t\t\t<\/div>\n\t\t\t\t\t<\/div>\n\t\t<\/div>\n\t\t\t\t\t\t\t<\/div>\n\t\t<\/section>\n\t\t\t\t\t\t\t<\/div>\n\t\t","protected":false},"excerpt":{"rendered":"<p>Tulancingo, Hgo., a 27 de agosto de 2026.-Entre recuerdos, reconocimiento y orgullo por una profesi\u00f3n marcada por el riesgo y la entrega, integrantes del Heroico Cuerpo de Bomberos de Tulancingo conmemoraron el D\u00eda Nacional del Bombero, en una jornada dedicada a reconocer su labor en la protecci\u00f3n de la vida y el patrimonio de las [&hellip;]<\/p>\n","protected":false},"author":1,"featured_media":143539,"comment_status":"closed","ping_status":"closed","sticky":false,"template":"","format":"standard","meta":[],"categories":[7],"tags":[],"_links":{"self":[{"href":"https:\/\/www.septinoticias.com.mx\/index.php?rest_route=\/wp\/v2\/posts\/143537"}],"collection":[{"href":"https:\/\/www.septinoticias.com.mx\/index.php?rest_route=\/wp\/v2\/posts"}],"about":[{"href":"https:\/\/www.septinoticias.com.mx\/index.php?rest_route=\/wp\/v2\/types\/post"}],"author":[{"embeddable":true,"href":"https:\/\/www.septinoticias.com.mx\/index.php?rest_route=\/wp\/v2\/users\/1"}],"replies":[{"embeddable":true,"href":"https:\/\/www.septinoticias.com.mx\/index.php?rest_route=%2Fwp%2Fv2%2Fcomments&post=143537"}],"version-history":[{"count":4,"href":"https:\/\/www.septinoticias.com.mx\/index.php?rest_route=\/wp\/v2\/posts\/143537\/revisions"}],"predecessor-version":[{"id":143542,"href":"https:\/\/www.septinoticias.com.mx\/index.php?rest_route=\/wp\/v2\/posts\/143537\/revisions\/143542"}],"wp:featuredmedia":[{"embeddable":true,"href":"https:\/\/www.septinoticias.com.mx\/index.php?rest_route=\/wp\/v2\/media\/143539"}],"wp:attachment":[{"href":"https:\/\/www.septinoticias.com.mx\/index.php?rest_route=%2Fwp%2Fv2%2Fmedia&parent=143537"}],"wp:term":[{"taxonomy":"category","embeddable":true,"href":"https:\/\/www.septinoticias.com.mx\/index.php?rest_route=%2Fwp%2Fv2%2Fcategories&post=143537"},{"taxonomy":"post_tag","embeddable":true,"href":"https:\/\/www.septinoticias.com.mx\/index.php?rest_route=%2Fwp%2Fv2%2Ftags&post=143537"}],"curies":[{"name":"wp","href":"https:\/\/api.w.org\/{rel}","templated":true}]}}