{"id":143508,"date":"2026-08-31T08:14:06","date_gmt":"2026-08-31T08:14:06","guid":{"rendered":"https:\/\/www.septinoticias.com.mx\/?p=143508"},"modified":"2026-08-31T14:14:54","modified_gmt":"2026-08-31T14:14:54","slug":"secretaria-de-cultura-lleva-al-congreso-del-estado-la-campana-hidalgonoregatea","status":"publish","type":"post","link":"https:\/\/www.septinoticias.com.mx\/?p=143508","title":{"rendered":"Secretar\u00eda de Cultura lleva al Congreso del Estado la campa\u00f1a #HidalgoNoRegatea"},"content":{"rendered":"\t\t<div data-elementor-type=\"wp-post\" data-elementor-id=\"143508\" class=\"elementor elementor-143508\">\n\t\t\t\t\t\t\t\t\t<section class=\"elementor-section elementor-top-section elementor-element elementor-element-20bbcd3b elementor-section-boxed elementor-section-height-default elementor-section-height-default\" data-id=\"20bbcd3b\" data-element_type=\"section\">\n\t\t\t\t\t\t<div class=\"elementor-container elementor-column-gap-default\">\n\t\t\t\t\t<div class=\"elementor-column elementor-col-100 elementor-top-column elementor-element elementor-element-33be02ef\" data-id=\"33be02ef\" data-element_type=\"column\">\n\t\t\t<div class=\"elementor-widget-wrap elementor-element-populated\">\n\t\t\t\t\t\t\t\t<div class=\"elementor-element elementor-element-6c4a91f9 elementor-widget elementor-widget-text-editor\" data-id=\"6c4a91f9\" data-element_type=\"widget\" data-widget_type=\"text-editor.default\">\n\t\t\t\t<div class=\"elementor-widget-container\">\n\t\t\t<style>\/*! elementor - v3.10.1 - 17-01-2023 *\/\n.elementor-widget-text-editor.elementor-drop-cap-view-stacked .elementor-drop-cap{background-color:#818a91;color:#fff}.elementor-widget-text-editor.elementor-drop-cap-view-framed .elementor-drop-cap{color:#818a91;border:3px solid;background-color:transparent}.elementor-widget-text-editor:not(.elementor-drop-cap-view-default) .elementor-drop-cap{margin-top:8px}.elementor-widget-text-editor:not(.elementor-drop-cap-view-default) .elementor-drop-cap-letter{width:1em;height:1em}.elementor-widget-text-editor .elementor-drop-cap{float:left;text-align:center;line-height:1;font-size:50px}.elementor-widget-text-editor .elementor-drop-cap-letter{display:inline-block}<\/style>\t\t\t\t<p><strong>*Maestras y maestros artesanos ofrecer\u00e1n prendas bordadas, accesorios y piezas de uso cotidiano, entrada libre<\/strong><\/p><p><strong>Pachuca, Hgo., 29 de agosto de 2026.-<\/strong>La Secretar\u00eda de Cultura del Estado de Hidalgo convoca a la jornada #HidalgoNoRegatea y a la expo-venta artesanal \u201cManos que Crean\u201d, que se realizar\u00e1 el martes 1 de septiembre, de 9:00 a 17:00 horas, en el Congreso del Estado Libre y Soberano de Hidalgo, en Pachuca de Soto.<\/p><p>La campa\u00f1a #HidalgoNoRegatea fue lanzada el 30 de julio de 2025, en el marco del D\u00eda Mundial del Bordado, con el prop\u00f3sito de dignificar el trabajo de las personas artesanas y promover el pago justo por sus creaciones. Cada mes, la expo-venta se instala en una sede institucional distinta para acercar a las y los artesanos a nuevos p\u00fablicos.<\/p><p>\u201cEl talento y el tiempo de las artesanas y los artesanos no se negocian. Cada pieza que sale de sus manos guarda identidad, memoria y a\u00f1os de oficio, por lo que merece un pago justo\u201d, se\u00f1al\u00f3 la secretaria de Cultura, Neyda Naranjo Baltazar.<\/p><p>En esta edici\u00f3n, maestras y maestros artesanos de distintas regiones del estado ofrecer\u00e1n prendas bordadas, accesorios y piezas de uso cotidiano elaboradas a mano, mediante venta directa y sin intermediarios.<\/p><p>La jornada incluye una din\u00e1mica abierta de tres pasos: vestir una pieza artesanal hidalguense, tomarse una fotograf\u00eda con ella y compartirla en redes sociales personales e institucionales con la etiqueta #HidalgoNoRegatea.<\/p><p>La iniciativa ha sido replicada por dependencias estatales y municipales, mientras que la Secretar\u00eda de Cultura trabaja para extenderla al \u00e1mbito nacional. El acceso a la jornada ser\u00e1 libre y la informaci\u00f3n sobre las pr\u00f3ximas sedes podr\u00e1 consultarse en las redes sociales oficiales de la dependencia.<\/p><p>En l\u00ednea con la visi\u00f3n del gobernador Julio Menchaca Salazar, la Secretar\u00eda de Cultura, encabezada por Neyda Naranjo Baltazar, impulsa acciones para visibilizar y dignificar el trabajo de las personas artesanas, promover el pago justo por sus creaciones y abrir espacios de comercializaci\u00f3n directa en sedes institucionales.<\/p>\t\t\t\t\t\t<\/div>\n\t\t\t\t<\/div>\n\t\t\t\t\t<\/div>\n\t\t<\/div>\n\t\t\t\t\t\t\t<\/div>\n\t\t<\/section>\n\t\t\t\t\t\t\t<\/div>\n\t\t","protected":false},"excerpt":{"rendered":"<p>*Maestras y maestros artesanos ofrecer\u00e1n prendas bordadas, accesorios y piezas de uso cotidiano, entrada libre Pachuca, Hgo., 29 de agosto de 2026.-La Secretar\u00eda de Cultura del Estado de Hidalgo convoca a la jornada #HidalgoNoRegatea y a la expo-venta artesanal \u201cManos que Crean\u201d, que se realizar\u00e1 el martes 1 de septiembre, de 9:00 a 17:00 horas, [&hellip;]<\/p>\n","protected":false},"author":1,"featured_media":143510,"comment_status":"closed","ping_status":"closed","sticky":false,"template":"","format":"standard","meta":[],"categories":[9],"tags":[],"_links":{"self":[{"href":"https:\/\/www.septinoticias.com.mx\/index.php?rest_route=\/wp\/v2\/posts\/143508"}],"collection":[{"href":"https:\/\/www.septinoticias.com.mx\/index.php?rest_route=\/wp\/v2\/posts"}],"about":[{"href":"https:\/\/www.septinoticias.com.mx\/index.php?rest_route=\/wp\/v2\/types\/post"}],"author":[{"embeddable":true,"href":"https:\/\/www.septinoticias.com.mx\/index.php?rest_route=\/wp\/v2\/users\/1"}],"replies":[{"embeddable":true,"href":"https:\/\/www.septinoticias.com.mx\/index.php?rest_route=%2Fwp%2Fv2%2Fcomments&post=143508"}],"version-history":[{"count":4,"href":"https:\/\/www.septinoticias.com.mx\/index.php?rest_route=\/wp\/v2\/posts\/143508\/revisions"}],"predecessor-version":[{"id":143513,"href":"https:\/\/www.septinoticias.com.mx\/index.php?rest_route=\/wp\/v2\/posts\/143508\/revisions\/143513"}],"wp:featuredmedia":[{"embeddable":true,"href":"https:\/\/www.septinoticias.com.mx\/index.php?rest_route=\/wp\/v2\/media\/143510"}],"wp:attachment":[{"href":"https:\/\/www.septinoticias.com.mx\/index.php?rest_route=%2Fwp%2Fv2%2Fmedia&parent=143508"}],"wp:term":[{"taxonomy":"category","embeddable":true,"href":"https:\/\/www.septinoticias.com.mx\/index.php?rest_route=%2Fwp%2Fv2%2Fcategories&post=143508"},{"taxonomy":"post_tag","embeddable":true,"href":"https:\/\/www.septinoticias.com.mx\/index.php?rest_route=%2Fwp%2Fv2%2Ftags&post=143508"}],"curies":[{"name":"wp","href":"https:\/\/api.w.org\/{rel}","templated":true}]}}