{"id":143479,"date":"2026-08-31T08:05:19","date_gmt":"2026-08-31T08:05:19","guid":{"rendered":"https:\/\/www.septinoticias.com.mx\/?p=143479"},"modified":"2026-08-31T14:06:38","modified_gmt":"2026-08-31T14:06:38","slug":"centro-de-seguridad-social-de-pachuca-sede-de-la-jornada-nacional-de-activacion-fisica-para-la-salud-imss-2026","status":"publish","type":"post","link":"https:\/\/www.septinoticias.com.mx\/?p=143479","title":{"rendered":"Centro de Seguridad Social de Pachuca sede de la Jornada Nacional de Activaci\u00f3n F\u00edsica Para La Salud IMSS 2026"},"content":{"rendered":"\t\t<div data-elementor-type=\"wp-post\" data-elementor-id=\"143479\" class=\"elementor elementor-143479\">\n\t\t\t\t\t\t\t\t\t<section class=\"elementor-section elementor-top-section elementor-element elementor-element-20bbcd3b elementor-section-boxed elementor-section-height-default elementor-section-height-default\" data-id=\"20bbcd3b\" data-element_type=\"section\">\n\t\t\t\t\t\t<div class=\"elementor-container elementor-column-gap-default\">\n\t\t\t\t\t<div class=\"elementor-column elementor-col-100 elementor-top-column elementor-element elementor-element-33be02ef\" data-id=\"33be02ef\" data-element_type=\"column\">\n\t\t\t<div class=\"elementor-widget-wrap elementor-element-populated\">\n\t\t\t\t\t\t\t\t<div class=\"elementor-element elementor-element-6c4a91f9 elementor-widget elementor-widget-text-editor\" data-id=\"6c4a91f9\" data-element_type=\"widget\" data-widget_type=\"text-editor.default\">\n\t\t\t\t<div class=\"elementor-widget-container\">\n\t\t\t<style>\/*! elementor - v3.10.1 - 17-01-2023 *\/\n.elementor-widget-text-editor.elementor-drop-cap-view-stacked .elementor-drop-cap{background-color:#818a91;color:#fff}.elementor-widget-text-editor.elementor-drop-cap-view-framed .elementor-drop-cap{color:#818a91;border:3px solid;background-color:transparent}.elementor-widget-text-editor:not(.elementor-drop-cap-view-default) .elementor-drop-cap{margin-top:8px}.elementor-widget-text-editor:not(.elementor-drop-cap-view-default) .elementor-drop-cap-letter{width:1em;height:1em}.elementor-widget-text-editor .elementor-drop-cap{float:left;text-align:center;line-height:1;font-size:50px}.elementor-widget-text-editor .elementor-drop-cap-letter{display:inline-block}<\/style>\t\t\t\t<p><strong>Pachuca, Hgo., 30 de agosto de 2026.-<\/strong>El Instituto Mexicano del Seguro Social (IMSS) en Hidalgo llev\u00f3 a cabo la Jornada Nacional de Activaci\u00f3n F\u00edsica para la Salud IMSS 2026, con sede principal en el Centro de Seguridad Social (CSS) de Pachuca y r\u00e9plicas simult\u00e1neas en unidades deportivas de todo el pa\u00eds.<\/p><p>La iniciativa tuvo como prop\u00f3sito fortalecer la salud mental y el bienestar integral del personal institucional, se promueve el ejercicio como herramienta de autocuidado, prevenci\u00f3n del estr\u00e9s y fomento del equilibrio emocional.<\/p><p>En el evento participaron m\u00e1s de 700 personas de distintos grupos de edad. La jornada estuvo encabezada por el titular del Seguro Social en la entidad, Jorge Luis Zendejas Villanueva, y por el coordinador t\u00e9cnico de Cultura F\u00edsica y Deporte del IMSS, H\u00e9ctor Garc\u00eda Antonio.<\/p><p>En su mensaje, el titular del IMSS en Hidalgo destac\u00f3 la relevancia de estas actividades para incentivar la pr\u00e1ctica cotidiana de la activaci\u00f3n f\u00edsica, subrayando que el ejercicio constituye un componente esencial de la medicina preventiva.<\/p><p>El coordinador t\u00e9cnico de Cultura F\u00edsica y Deporte expres\u00f3 su agradecimiento a los asistentes por su participaci\u00f3n y subray\u00f3 que la pr\u00e1ctica regular de actividad f\u00edsica, acompa\u00f1ada de una alimentaci\u00f3n balanceada, constituye un factor clave para prevenir enfermedades cr\u00f3nico-degenerativas. Asimismo, destac\u00f3 que la reactivaci\u00f3n de estas jornadas tiene como finalidad fomentar h\u00e1bitos saludables entre la poblaci\u00f3n, orientados a fortalecer su estado de salud y bienestar integral.<\/p><p>Mediante estas actividades, el IMSS busca promover el bienestar f\u00edsico, emocional y social, y fomenta pr\u00e1cticas como la alimentaci\u00f3n saludable, la higiene del sue\u00f1o, el fortalecimiento de relaciones interpersonales sanas, el acceso a la psicoterapia, as\u00ed como la participaci\u00f3n en actividades f\u00edsicas y recreativas.<\/p>\t\t\t\t\t\t<\/div>\n\t\t\t\t<\/div>\n\t\t\t\t\t<\/div>\n\t\t<\/div>\n\t\t\t\t\t\t\t<\/div>\n\t\t<\/section>\n\t\t\t\t\t\t\t<\/div>\n\t\t","protected":false},"excerpt":{"rendered":"<p>Pachuca, Hgo., 30 de agosto de 2026.-El Instituto Mexicano del Seguro Social (IMSS) en Hidalgo llev\u00f3 a cabo la Jornada Nacional de Activaci\u00f3n F\u00edsica para la Salud IMSS 2026, con sede principal en el Centro de Seguridad Social (CSS) de Pachuca y r\u00e9plicas simult\u00e1neas en unidades deportivas de todo el pa\u00eds. La iniciativa tuvo como [&hellip;]<\/p>\n","protected":false},"author":1,"featured_media":143481,"comment_status":"closed","ping_status":"closed","sticky":false,"template":"","format":"standard","meta":[],"categories":[3],"tags":[],"_links":{"self":[{"href":"https:\/\/www.septinoticias.com.mx\/index.php?rest_route=\/wp\/v2\/posts\/143479"}],"collection":[{"href":"https:\/\/www.septinoticias.com.mx\/index.php?rest_route=\/wp\/v2\/posts"}],"about":[{"href":"https:\/\/www.septinoticias.com.mx\/index.php?rest_route=\/wp\/v2\/types\/post"}],"author":[{"embeddable":true,"href":"https:\/\/www.septinoticias.com.mx\/index.php?rest_route=\/wp\/v2\/users\/1"}],"replies":[{"embeddable":true,"href":"https:\/\/www.septinoticias.com.mx\/index.php?rest_route=%2Fwp%2Fv2%2Fcomments&post=143479"}],"version-history":[{"count":4,"href":"https:\/\/www.septinoticias.com.mx\/index.php?rest_route=\/wp\/v2\/posts\/143479\/revisions"}],"predecessor-version":[{"id":143484,"href":"https:\/\/www.septinoticias.com.mx\/index.php?rest_route=\/wp\/v2\/posts\/143479\/revisions\/143484"}],"wp:featuredmedia":[{"embeddable":true,"href":"https:\/\/www.septinoticias.com.mx\/index.php?rest_route=\/wp\/v2\/media\/143481"}],"wp:attachment":[{"href":"https:\/\/www.septinoticias.com.mx\/index.php?rest_route=%2Fwp%2Fv2%2Fmedia&parent=143479"}],"wp:term":[{"taxonomy":"category","embeddable":true,"href":"https:\/\/www.septinoticias.com.mx\/index.php?rest_route=%2Fwp%2Fv2%2Fcategories&post=143479"},{"taxonomy":"post_tag","embeddable":true,"href":"https:\/\/www.septinoticias.com.mx\/index.php?rest_route=%2Fwp%2Fv2%2Ftags&post=143479"}],"curies":[{"name":"wp","href":"https:\/\/api.w.org\/{rel}","templated":true}]}}