{"id":1418,"date":"2023-01-21T04:55:36","date_gmt":"2023-01-21T04:55:36","guid":{"rendered":"https:\/\/www.septinoticias.com.mx\/?p=1418"},"modified":"2023-01-24T04:57:07","modified_gmt":"2023-01-24T04:57:07","slug":"educacion-digital-y-soluciones-moviles-las-claves-de-la-modernizacion-del-agro-mexicano-2","status":"publish","type":"post","link":"https:\/\/www.septinoticias.com.mx\/?p=1418","title":{"rendered":"Educaci\u00f3n Digital y Soluciones M\u00f3viles: Las Claves de la Modernizaci\u00f3n del Agro Mexicano"},"content":{"rendered":"\t\t<div data-elementor-type=\"wp-post\" data-elementor-id=\"1418\" class=\"elementor elementor-1418\">\n\t\t\t\t\t\t\t\t\t<section class=\"elementor-section elementor-top-section elementor-element elementor-element-20bbcd3b elementor-section-boxed elementor-section-height-default elementor-section-height-default\" data-id=\"20bbcd3b\" data-element_type=\"section\">\n\t\t\t\t\t\t<div class=\"elementor-container elementor-column-gap-default\">\n\t\t\t\t\t<div class=\"elementor-column elementor-col-100 elementor-top-column elementor-element elementor-element-33be02ef\" data-id=\"33be02ef\" data-element_type=\"column\">\n\t\t\t<div class=\"elementor-widget-wrap elementor-element-populated\">\n\t\t\t\t\t\t\t\t<div class=\"elementor-element elementor-element-6c4a91f9 elementor-widget elementor-widget-text-editor\" data-id=\"6c4a91f9\" data-element_type=\"widget\" data-widget_type=\"text-editor.default\">\n\t\t\t\t<div class=\"elementor-widget-container\">\n\t\t\t<style>\/*! elementor - v3.10.1 - 17-01-2023 *\/\n.elementor-widget-text-editor.elementor-drop-cap-view-stacked .elementor-drop-cap{background-color:#818a91;color:#fff}.elementor-widget-text-editor.elementor-drop-cap-view-framed .elementor-drop-cap{color:#818a91;border:3px solid;background-color:transparent}.elementor-widget-text-editor:not(.elementor-drop-cap-view-default) .elementor-drop-cap{margin-top:8px}.elementor-widget-text-editor:not(.elementor-drop-cap-view-default) .elementor-drop-cap-letter{width:1em;height:1em}.elementor-widget-text-editor .elementor-drop-cap{float:left;text-align:center;line-height:1;font-size:50px}.elementor-widget-text-editor .elementor-drop-cap-letter{display:inline-block}<\/style>\t\t\t\t<p style=\"text-align: center;\"><strong>*\u00a0Dentro de la Caravana de Innovaci\u00f3n Tecnol\u00f3gica, organizada por FIRA, se presentaron soluciones de agtech, entre las que destaca la startup de monitoreo agr\u00edcola Sistema Integrado de Monitoreo Ambiental ( SIMA)<\/strong><\/p><p style=\"text-align: center;\">\u00a0<strong>Ciudad de M\u00e9xico, 21 de enero 2023.- <\/strong>El campo mexicano necesita de la digitalizaci\u00f3n para lograr avances significativos que le permitan satisfacer las necesidades alimentarias del pa\u00eds, as\u00ed como competir equitativamente en el mercado internacional. Los programas de modernizaci\u00f3n actuales est\u00e1n distribuidos de manera muy heterog\u00e9nea, por ello iniciativas como la Caravana FIRA de Innovaci\u00f3n Tecnol\u00f3gica acercan soluciones digitales a los productores, entre las que destaca la startup\u00a0<a href=\"https:\/\/www.sima.ag\/\">SIMA<\/a>, que permite monitorear y llevar el control de los sembrad\u00edos en tiempo real.<\/p><p style=\"text-align: center;\">En M\u00e9xico, el uso de las tecnolog\u00edas inform\u00e1ticas en general dentro del sector agroalimentario es de menos del 38% en promedio, de acuerdo con una investigaci\u00f3n de la Universidad de Guanajuato. Sin embargo, en los estados del norte su uso llega hasta el 90%, en Baja California, contra menos del 20% en Chiapas.<\/p><p style=\"text-align: center;\">En cuanto al uso de la computadora en el sector, a nivel nacional el promedio es muy bajo, de apenas 5.57%. De nuevo, la disparidad es muy grande, con un 20% en Baja California contra menos del 2% en Tlaxcala e Hidalgo. Sobre el uso de internet como apoyo para actividades del campo, el promedio nacional es de apenas el 7.78%, igualmente con rangos heterog\u00e9neos que oscilan entre el 40% de Coahuila y pr\u00e1cticamente nulo en Tlaxcala.<\/p><p style=\"text-align: center;\">Estos n\u00fameros se entienden al observar el nivel de alfabetizaci\u00f3n de los trabajadores del agro, pues el 57% ha cursado solamente la primaria, y el 15% no cuenta con ning\u00fan nivel de estudios. Adem\u00e1s, solo la mitad (56%) de las zonas rurales del pa\u00eds cuentan con conectividad a internet, de acuerdo con la Encuesta Nacional sobre Disponibilidad y Uso de Tecnolog\u00edas de la Informaci\u00f3n en los Hogares (ENDUTIH).<\/p><p style=\"text-align: center;\">Por otro lado, hay una oportunidad muy grande en cuanto al uso del tel\u00e9fono celular en las actividades del agro, con un promedio nacional de m\u00e1s de 88%, con ninguno de los estados debajo del 70%, incluso en zonas como Yucat\u00e1n su uso es de casi el 100%.<\/p><p style=\"text-align: center;\">Por su parte, los empresarios del sector agr\u00edcola coinciden en la necesidad de modernizaci\u00f3n. Por ejemplo, fuentes de la Uni\u00f3n Mexicana de Fabricantes y Formuladores de Agroqu\u00edmicos han resaltado la falta de inversi\u00f3n tecnol\u00f3gica como factor para el encarecimiento de los alimentos y la dependencia de las importaciones. Como muestra, en 2021 M\u00e9xico gast\u00f3 seis veces m\u00e1s en importar ma\u00edz que lo presupuestado en fertilizantes para 2023.<\/p><p style=\"text-align: center;\">De acuerdo con estos indicadores, la revoluci\u00f3n digital en el campo mexicano necesitar\u00eda entonces de una campa\u00f1a de alfabetizaci\u00f3n tecnol\u00f3gica, mayor acceso a internet, y priorizar soluciones aplicables desde el tel\u00e9fono celular. Por eso, los Fideicomisos Instituidos en Relaci\u00f3n con la Agricultura (FIRA), entidades de la Administraci\u00f3n P\u00fablica Federal, organizaron la primera Caravana de Innovaci\u00f3n Tecnol\u00f3gica, para presentar iniciativas de modernizaci\u00f3n y digitalizaci\u00f3n a los productores agr\u00edcolas del pa\u00eds. La Caravana tuvo una duraci\u00f3n de cuatro d\u00edas, en modalidad virtual, en los cuales expertos e investigadores de la industria presentaron sus propuestas de soluci\u00f3n.<\/p><p style=\"text-align: center;\">Entre ellos, destaca\u00a0<a href=\"https:\/\/www.sima.ag\/\">SIMA<\/a>, startup que provee a los productores de una plataforma de monitoreo en tiempo real, con apoyo de tecnolog\u00eda satelital, utilizable desde el campo a trav\u00e9s de una app. En ella se puede dar seguimiento al crecimiento de la siembra, llevar el control de plagas, registrar tiempos de cosecha, incluso predecir sus resultados, entre otros datos, para generar reportes centralizados de forma autom\u00e1tica.<\/p><p style=\"text-align: center;\"><em>\u201cTuvimos la oportunidad de presentar SIMA ante mil seiscientos productores mexicanos. Nuestra plataforma es el primer paso en la digitalizaci\u00f3n del campo porque es muy simple de usar, tiene un costo muy accesible, y no hay regla de utilizaci\u00f3n, simplemente se van cargando los datos\u201d<\/em>, explica Rafael Malacco, Business Development Manager en SIMA.<\/p><p style=\"text-align: center;\">SIMA present\u00f3 su ponencia en el primer d\u00eda de la Caravana. Puede verse su propuesta, as\u00ed como el resto de la grabaci\u00f3n de los cuatro d\u00edas del evento, desde\u00a0<a href=\"http:\/\/www.caravanadeinnovacion.com\/\">www.caravanadeinnovacion.com<\/a>.<\/p>\t\t\t\t\t\t<\/div>\n\t\t\t\t<\/div>\n\t\t\t\t\t<\/div>\n\t\t<\/div>\n\t\t\t\t\t\t\t<\/div>\n\t\t<\/section>\n\t\t\t\t\t\t\t<\/div>\n\t\t","protected":false},"excerpt":{"rendered":"<p>*\u00a0Dentro de la Caravana de Innovaci\u00f3n Tecnol\u00f3gica, organizada por FIRA, se presentaron soluciones de agtech, entre las que destaca la startup de monitoreo agr\u00edcola Sistema Integrado de Monitoreo Ambiental ( SIMA) \u00a0Ciudad de M\u00e9xico, 21 de enero 2023.- El campo mexicano necesita de la digitalizaci\u00f3n para lograr avances significativos que le permitan satisfacer las necesidades [&hellip;]<\/p>\n","protected":false},"author":1,"featured_media":1420,"comment_status":"closed","ping_status":"closed","sticky":false,"template":"","format":"standard","meta":[],"categories":[9],"tags":[],"_links":{"self":[{"href":"https:\/\/www.septinoticias.com.mx\/index.php?rest_route=\/wp\/v2\/posts\/1418"}],"collection":[{"href":"https:\/\/www.septinoticias.com.mx\/index.php?rest_route=\/wp\/v2\/posts"}],"about":[{"href":"https:\/\/www.septinoticias.com.mx\/index.php?rest_route=\/wp\/v2\/types\/post"}],"author":[{"embeddable":true,"href":"https:\/\/www.septinoticias.com.mx\/index.php?rest_route=\/wp\/v2\/users\/1"}],"replies":[{"embeddable":true,"href":"https:\/\/www.septinoticias.com.mx\/index.php?rest_route=%2Fwp%2Fv2%2Fcomments&post=1418"}],"version-history":[{"count":4,"href":"https:\/\/www.septinoticias.com.mx\/index.php?rest_route=\/wp\/v2\/posts\/1418\/revisions"}],"predecessor-version":[{"id":1423,"href":"https:\/\/www.septinoticias.com.mx\/index.php?rest_route=\/wp\/v2\/posts\/1418\/revisions\/1423"}],"wp:featuredmedia":[{"embeddable":true,"href":"https:\/\/www.septinoticias.com.mx\/index.php?rest_route=\/wp\/v2\/media\/1420"}],"wp:attachment":[{"href":"https:\/\/www.septinoticias.com.mx\/index.php?rest_route=%2Fwp%2Fv2%2Fmedia&parent=1418"}],"wp:term":[{"taxonomy":"category","embeddable":true,"href":"https:\/\/www.septinoticias.com.mx\/index.php?rest_route=%2Fwp%2Fv2%2Fcategories&post=1418"},{"taxonomy":"post_tag","embeddable":true,"href":"https:\/\/www.septinoticias.com.mx\/index.php?rest_route=%2Fwp%2Fv2%2Ftags&post=1418"}],"curies":[{"name":"wp","href":"https:\/\/api.w.org\/{rel}","templated":true}]}}