{"id":1348,"date":"2023-01-22T04:23:46","date_gmt":"2023-01-22T04:23:46","guid":{"rendered":"https:\/\/www.septinoticias.com.mx\/?p=1348"},"modified":"2023-01-24T04:25:33","modified_gmt":"2023-01-24T04:25:33","slug":"comision-permanente-de-cultura-del-congreso-lleva-programa-cultural-a-los-municipios","status":"publish","type":"post","link":"https:\/\/www.septinoticias.com.mx\/?p=1348","title":{"rendered":"Comisi\u00f3n Permanente de Cultura, del Congreso Lleva Programa Cultural  a  los Municipios"},"content":{"rendered":"\t\t<div data-elementor-type=\"wp-post\" data-elementor-id=\"1348\" class=\"elementor elementor-1348\">\n\t\t\t\t\t\t\t\t\t<section class=\"elementor-section elementor-top-section elementor-element elementor-element-20bbcd3b elementor-section-boxed elementor-section-height-default elementor-section-height-default\" data-id=\"20bbcd3b\" data-element_type=\"section\">\n\t\t\t\t\t\t<div class=\"elementor-container elementor-column-gap-default\">\n\t\t\t\t\t<div class=\"elementor-column elementor-col-100 elementor-top-column elementor-element elementor-element-33be02ef\" data-id=\"33be02ef\" data-element_type=\"column\">\n\t\t\t<div class=\"elementor-widget-wrap elementor-element-populated\">\n\t\t\t\t\t\t\t\t<div class=\"elementor-element elementor-element-6c4a91f9 elementor-widget elementor-widget-text-editor\" data-id=\"6c4a91f9\" data-element_type=\"widget\" data-widget_type=\"text-editor.default\">\n\t\t\t\t<div class=\"elementor-widget-container\">\n\t\t\t<style>\/*! elementor - v3.10.1 - 17-01-2023 *\/\n.elementor-widget-text-editor.elementor-drop-cap-view-stacked .elementor-drop-cap{background-color:#818a91;color:#fff}.elementor-widget-text-editor.elementor-drop-cap-view-framed .elementor-drop-cap{color:#818a91;border:3px solid;background-color:transparent}.elementor-widget-text-editor:not(.elementor-drop-cap-view-default) .elementor-drop-cap{margin-top:8px}.elementor-widget-text-editor:not(.elementor-drop-cap-view-default) .elementor-drop-cap-letter{width:1em;height:1em}.elementor-widget-text-editor .elementor-drop-cap{float:left;text-align:center;line-height:1;font-size:50px}.elementor-widget-text-editor .elementor-drop-cap-letter{display:inline-block}<\/style>\t\t\t\t<p style=\"text-align: center;\"><strong>Metztitl\u00e1n, Hgo 22 de enero 2023.<em>&#8211;<\/em><\/strong>\u00a0La Comisi\u00f3n Permanente de Cultura, del Congreso local inici\u00f3 el programa Caf\u00e9 Literario, Letras Hidalguenses: Pueblos Originarios extramuros de la sede legislativa en la biblioteca municipal Bicentenario, con la participaci\u00f3n de poetas, escritores y grupos art\u00edsticos en lo que fue su sexta edici\u00f3n.<\/p><p>Intervinieron el tr\u00edo huasteco Aztl\u00e1n, el poeta Gilberto Zapata Mart\u00ednez de Ju\u00e1rez Hidalgo con el poema El juguete, el Ballet Folkl\u00f3rico, Nochipa Ipan Noyoltzin, de la Casa de Cultura; Eduardo Grijalva G\u00f3mez, comparti\u00f3 textos de su autor\u00eda y el novelista, Carlos Turrubiates Silva, relat\u00f3 el cuento corto sobre Eloxochitl\u00e1n: Suelo Escarlata.<\/p><p>Al t\u00e9rmino, el presidente municipal Alfredo Morales Mora, y las diputadas locales inauguraron la exposici\u00f3n fotogr\u00e1fica Pueblos originarios, la diputada Elvia Sierra Vite, se\u00f1al\u00f3 que el proyecto busca que la sociedad se acerque al Congreso para conocer el talento de los creadores hidalguenses, pero ante el receso legislativo se decidi\u00f3 llevar la actividad a los municipios.<\/p><p>La diputada por Zacualtip\u00e1n Marcia Torres Gonz\u00e1lez, resalt\u00f3 la participaci\u00f3n de artistas y escritores de la regi\u00f3n quienes expusieron su trabajo y agradeci\u00f3 el apoyo del presidente de la Junta de Gobierno del Congreso de Hidalgo, Julio Valera Piedras, quien otorga facilidades para esta actividad cultural fuera de la sede del Poder Legislativo.<\/p><p>.<\/p>\t\t\t\t\t\t<\/div>\n\t\t\t\t<\/div>\n\t\t\t\t\t<\/div>\n\t\t<\/div>\n\t\t\t\t\t\t\t<\/div>\n\t\t<\/section>\n\t\t\t\t\t\t\t<\/div>\n\t\t","protected":false},"excerpt":{"rendered":"<p>Metztitl\u00e1n, Hgo 22 de enero 2023.&#8211;\u00a0La Comisi\u00f3n Permanente de Cultura, del Congreso local inici\u00f3 el programa Caf\u00e9 Literario, Letras Hidalguenses: Pueblos Originarios extramuros de la sede legislativa en la biblioteca municipal Bicentenario, con la participaci\u00f3n de poetas, escritores y grupos art\u00edsticos en lo que fue su sexta edici\u00f3n. Intervinieron el tr\u00edo huasteco Aztl\u00e1n, el poeta [&hellip;]<\/p>\n","protected":false},"author":1,"featured_media":1350,"comment_status":"closed","ping_status":"closed","sticky":false,"template":"","format":"standard","meta":[],"categories":[8],"tags":[],"_links":{"self":[{"href":"https:\/\/www.septinoticias.com.mx\/index.php?rest_route=\/wp\/v2\/posts\/1348"}],"collection":[{"href":"https:\/\/www.septinoticias.com.mx\/index.php?rest_route=\/wp\/v2\/posts"}],"about":[{"href":"https:\/\/www.septinoticias.com.mx\/index.php?rest_route=\/wp\/v2\/types\/post"}],"author":[{"embeddable":true,"href":"https:\/\/www.septinoticias.com.mx\/index.php?rest_route=\/wp\/v2\/users\/1"}],"replies":[{"embeddable":true,"href":"https:\/\/www.septinoticias.com.mx\/index.php?rest_route=%2Fwp%2Fv2%2Fcomments&post=1348"}],"version-history":[{"count":4,"href":"https:\/\/www.septinoticias.com.mx\/index.php?rest_route=\/wp\/v2\/posts\/1348\/revisions"}],"predecessor-version":[{"id":1353,"href":"https:\/\/www.septinoticias.com.mx\/index.php?rest_route=\/wp\/v2\/posts\/1348\/revisions\/1353"}],"wp:featuredmedia":[{"embeddable":true,"href":"https:\/\/www.septinoticias.com.mx\/index.php?rest_route=\/wp\/v2\/media\/1350"}],"wp:attachment":[{"href":"https:\/\/www.septinoticias.com.mx\/index.php?rest_route=%2Fwp%2Fv2%2Fmedia&parent=1348"}],"wp:term":[{"taxonomy":"category","embeddable":true,"href":"https:\/\/www.septinoticias.com.mx\/index.php?rest_route=%2Fwp%2Fv2%2Fcategories&post=1348"},{"taxonomy":"post_tag","embeddable":true,"href":"https:\/\/www.septinoticias.com.mx\/index.php?rest_route=%2Fwp%2Fv2%2Ftags&post=1348"}],"curies":[{"name":"wp","href":"https:\/\/api.w.org\/{rel}","templated":true}]}}