{"id":131291,"date":"2026-05-01T08:07:48","date_gmt":"2026-05-01T08:07:48","guid":{"rendered":"https:\/\/www.septinoticias.com.mx\/?p=131291"},"modified":"2026-05-01T18:11:23","modified_gmt":"2026-05-01T18:11:23","slug":"trasladan-por-aire-a-bebe-de-dos-meses-a-tulancingo-para-continuar-su-tratamiento","status":"publish","type":"post","link":"https:\/\/www.septinoticias.com.mx\/?p=131291","title":{"rendered":"Trasladan por aire a beb\u00e9 de dos meses a Tulancingo para continuar su tratamiento"},"content":{"rendered":"\t\t<div data-elementor-type=\"wp-post\" data-elementor-id=\"131291\" class=\"elementor elementor-131291\">\n\t\t\t\t\t\t\t\t\t<section class=\"elementor-section elementor-top-section elementor-element elementor-element-20bbcd3b elementor-section-boxed elementor-section-height-default elementor-section-height-default\" data-id=\"20bbcd3b\" data-element_type=\"section\">\n\t\t\t\t\t\t<div class=\"elementor-container elementor-column-gap-default\">\n\t\t\t\t\t<div class=\"elementor-column elementor-col-100 elementor-top-column elementor-element elementor-element-33be02ef\" data-id=\"33be02ef\" data-element_type=\"column\">\n\t\t\t<div class=\"elementor-widget-wrap elementor-element-populated\">\n\t\t\t\t\t\t\t\t<div class=\"elementor-element elementor-element-6c4a91f9 elementor-widget elementor-widget-text-editor\" data-id=\"6c4a91f9\" data-element_type=\"widget\" data-widget_type=\"text-editor.default\">\n\t\t\t\t<div class=\"elementor-widget-container\">\n\t\t\t<style>\/*! elementor - v3.10.1 - 17-01-2023 *\/\n.elementor-widget-text-editor.elementor-drop-cap-view-stacked .elementor-drop-cap{background-color:#818a91;color:#fff}.elementor-widget-text-editor.elementor-drop-cap-view-framed .elementor-drop-cap{color:#818a91;border:3px solid;background-color:transparent}.elementor-widget-text-editor:not(.elementor-drop-cap-view-default) .elementor-drop-cap{margin-top:8px}.elementor-widget-text-editor:not(.elementor-drop-cap-view-default) .elementor-drop-cap-letter{width:1em;height:1em}.elementor-widget-text-editor .elementor-drop-cap{float:left;text-align:center;line-height:1;font-size:50px}.elementor-widget-text-editor .elementor-drop-cap-letter{display:inline-block}<\/style>\t\t\t\t<p><strong>*Una beb\u00e9 de dos meses fue trasladada v\u00eda a\u00e9rea de Guanajuato a Tulancingo con apoyo del gobierno de Hidalgo, tras solicitud de su madre ante falta de recursos.<\/strong><\/p><p><strong>Pachuca, Hgo., Abril 30, 2026.- <\/strong>Con apoyo del gobierno de Hidalgo, una beb\u00e9 de dos meses de edad en estado delicado de salud fue trasladada del Hospital Regional de Alta Especialidad del Baj\u00edo, en Le\u00f3n, Guanajuato, al Hospital General de Tulancingo, donde continuar\u00e1 su tratamiento m\u00e9dico.<\/p><p>La solicitud fue realizada por Karla Berenice Alegr\u00eda Hern\u00e1ndez, madre de la menor, quien no contaba con los recursos necesarios para efectuar el traslado por cuenta propia.<\/p><p>El pasado 25 de marzo, la paciente hab\u00eda sido llevada v\u00eda a\u00e9rea al hospital en Guanajuato en una unidad del gobierno estatal, como parte del acompa\u00f1amiento institucional brindado a la familia.<\/p><p><strong>\u00a0<\/strong><\/p>\t\t\t\t\t\t<\/div>\n\t\t\t\t<\/div>\n\t\t\t\t\t<\/div>\n\t\t<\/div>\n\t\t\t\t\t\t\t<\/div>\n\t\t<\/section>\n\t\t\t\t\t\t\t<\/div>\n\t\t","protected":false},"excerpt":{"rendered":"<p>*Una beb\u00e9 de dos meses fue trasladada v\u00eda a\u00e9rea de Guanajuato a Tulancingo con apoyo del gobierno de Hidalgo, tras solicitud de su madre ante falta de recursos. Pachuca, Hgo., Abril 30, 2026.- Con apoyo del gobierno de Hidalgo, una beb\u00e9 de dos meses de edad en estado delicado de salud fue trasladada del Hospital [&hellip;]<\/p>\n","protected":false},"author":1,"featured_media":131293,"comment_status":"closed","ping_status":"closed","sticky":false,"template":"","format":"standard","meta":[],"categories":[3],"tags":[],"_links":{"self":[{"href":"https:\/\/www.septinoticias.com.mx\/index.php?rest_route=\/wp\/v2\/posts\/131291"}],"collection":[{"href":"https:\/\/www.septinoticias.com.mx\/index.php?rest_route=\/wp\/v2\/posts"}],"about":[{"href":"https:\/\/www.septinoticias.com.mx\/index.php?rest_route=\/wp\/v2\/types\/post"}],"author":[{"embeddable":true,"href":"https:\/\/www.septinoticias.com.mx\/index.php?rest_route=\/wp\/v2\/users\/1"}],"replies":[{"embeddable":true,"href":"https:\/\/www.septinoticias.com.mx\/index.php?rest_route=%2Fwp%2Fv2%2Fcomments&post=131291"}],"version-history":[{"count":4,"href":"https:\/\/www.septinoticias.com.mx\/index.php?rest_route=\/wp\/v2\/posts\/131291\/revisions"}],"predecessor-version":[{"id":131296,"href":"https:\/\/www.septinoticias.com.mx\/index.php?rest_route=\/wp\/v2\/posts\/131291\/revisions\/131296"}],"wp:featuredmedia":[{"embeddable":true,"href":"https:\/\/www.septinoticias.com.mx\/index.php?rest_route=\/wp\/v2\/media\/131293"}],"wp:attachment":[{"href":"https:\/\/www.septinoticias.com.mx\/index.php?rest_route=%2Fwp%2Fv2%2Fmedia&parent=131291"}],"wp:term":[{"taxonomy":"category","embeddable":true,"href":"https:\/\/www.septinoticias.com.mx\/index.php?rest_route=%2Fwp%2Fv2%2Fcategories&post=131291"},{"taxonomy":"post_tag","embeddable":true,"href":"https:\/\/www.septinoticias.com.mx\/index.php?rest_route=%2Fwp%2Fv2%2Ftags&post=131291"}],"curies":[{"name":"wp","href":"https:\/\/api.w.org\/{rel}","templated":true}]}}