{"id":131064,"date":"2026-04-29T09:34:14","date_gmt":"2026-04-29T09:34:14","guid":{"rendered":"https:\/\/www.septinoticias.com.mx\/?p=131064"},"modified":"2026-04-29T18:35:11","modified_gmt":"2026-04-29T18:35:11","slug":"arranca-en-uaeh-congreso-internacional-mujeres-feminismos-y-estudios-de-genero","status":"publish","type":"post","link":"https:\/\/www.septinoticias.com.mx\/?p=131064","title":{"rendered":"Arranca en UAEH Congreso Internacional Mujeres, Feminismos y Estudios de G\u00e9nero"},"content":{"rendered":"\t\t<div data-elementor-type=\"wp-post\" data-elementor-id=\"131064\" class=\"elementor elementor-131064\">\n\t\t\t\t\t\t\t\t\t<section class=\"elementor-section elementor-top-section elementor-element elementor-element-20bbcd3b elementor-section-boxed elementor-section-height-default elementor-section-height-default\" data-id=\"20bbcd3b\" data-element_type=\"section\">\n\t\t\t\t\t\t<div class=\"elementor-container elementor-column-gap-default\">\n\t\t\t\t\t<div class=\"elementor-column elementor-col-100 elementor-top-column elementor-element elementor-element-33be02ef\" data-id=\"33be02ef\" data-element_type=\"column\">\n\t\t\t<div class=\"elementor-widget-wrap elementor-element-populated\">\n\t\t\t\t\t\t\t\t<div class=\"elementor-element elementor-element-6c4a91f9 elementor-widget elementor-widget-text-editor\" data-id=\"6c4a91f9\" data-element_type=\"widget\" data-widget_type=\"text-editor.default\">\n\t\t\t\t<div class=\"elementor-widget-container\">\n\t\t\t<style>\/*! elementor - v3.10.1 - 17-01-2023 *\/\n.elementor-widget-text-editor.elementor-drop-cap-view-stacked .elementor-drop-cap{background-color:#818a91;color:#fff}.elementor-widget-text-editor.elementor-drop-cap-view-framed .elementor-drop-cap{color:#818a91;border:3px solid;background-color:transparent}.elementor-widget-text-editor:not(.elementor-drop-cap-view-default) .elementor-drop-cap{margin-top:8px}.elementor-widget-text-editor:not(.elementor-drop-cap-view-default) .elementor-drop-cap-letter{width:1em;height:1em}.elementor-widget-text-editor .elementor-drop-cap{float:left;text-align:center;line-height:1;font-size:50px}.elementor-widget-text-editor .elementor-drop-cap-letter{display:inline-block}<\/style>\t\t\t\t<p><em>-Re\u00fane 595 trabajos de 18 pa\u00edses; durante tres d\u00edas impulsar\u00e1 el di\u00e1logo global por la igualdad y la justicia<\/em><\/p><p>Pachuca de Soto, Hidalgo, 28 de abril del 2026. \u2013 Ante la presencia de grupos de activistas, investigadores, estudiantes y p\u00fablico en general, Octavio Castillo Acosta, rector de la Universidad Aut\u00f3noma del Estado de Hidalgo (UAEH), inaugur\u00f3 la vig\u00e9sima segunda edici\u00f3n del Congreso Internacional Mujeres, Feminismos y Estudios de G\u00e9nero del Instituto de Ciencias Sociales y Humanidades (ICSHu), un espacio de reflexi\u00f3n cr\u00edtica sobre los desaf\u00edos en materia de igualdad, inclusi\u00f3n y justicia.<\/p><p>El rector resalt\u00f3 que este encuentro se ha consolidado como uno de los m\u00e1s relevantes en su \u00e1mbito a nivel nacional e internacional, donde confluyen 595 trabajos de ponentes de 18 naciones. Subray\u00f3 que sostener este tipo de iniciativas forma parte de la responsabilidad de una universidad p\u00fablica comprometida con la generaci\u00f3n de conocimiento cr\u00edtico, como la UAEH.<\/p><p>Indic\u00f3 que la continuidad de estos foros es necesaria, ya que fortalece el an\u00e1lisis multidisciplinario, articula redes entre la academia y la sociedad, adem\u00e1s de convocar a especialistas que abordan el mismo t\u00f3pico en otras latitudes, lo que contribuye a generar propuestas de pol\u00edticas p\u00fablicas en favor de la poblaci\u00f3n.<\/p><p>Ivone Ju\u00e1rez Ram\u00edrez, directora del ICSHu, se\u00f1al\u00f3 que este evento representa una apuesta \u00e9tica, cient\u00edfica y social ante contextos de violencia, crisis de seguridad e incertidumbre global. En tanto, la investigadora Talina Merit Olvera Mej\u00eda, coordinadora del Congreso, apunt\u00f3 que se trata de una plataforma de di\u00e1logo sobre desigualdades de g\u00e9nero, violencias estructurales y diversas realidades.<\/p><p>El encuentro es organizado este a\u00f1o por el \u00c1rea Acad\u00e9mica de Ciencias Pol\u00edticas y Administraci\u00f3n P\u00fablica, bajo la tem\u00e1tica de \u201cG\u00e9nero y pol\u00edtica: Hacia un mundo m\u00e1s equitativo\u201d. Durante tres d\u00edas se dar\u00e1n cita acad\u00e9micos de Iberoam\u00e9rica, Canad\u00e1 y Estados Unidos, adem\u00e1s de contar con representaci\u00f3n de las 32 entidades federativas; mientras que Hidalgo aporta 206 investigaciones provenientes de 15 municipios.<\/p><p>Las actividades se desarrollar\u00e1n en 102 mesas de trabajo, presenciales y virtuales, que abordar\u00e1n 18 l\u00edneas tem\u00e1ticas, como violencia de g\u00e9nero, derechos humanos, participaci\u00f3n pol\u00edtica, migraci\u00f3n, trabajo, ciberfeminismo, inteligencia artificial, discapacidad, neurodiversidades y nuevas masculinidades.<\/p><p>El programa incluye cinco conferencias magistrales, tres paneles de expertas, actividades culturales, una exposici\u00f3n pict\u00f3rica, proyecciones documentales, lectura de poes\u00eda, muestras artesanales y una urna electr\u00f3nica para recabar opiniones sobre la materia.<\/p>\t\t\t\t\t\t<\/div>\n\t\t\t\t<\/div>\n\t\t\t\t\t<\/div>\n\t\t<\/div>\n\t\t\t\t\t\t\t<\/div>\n\t\t<\/section>\n\t\t\t\t\t\t\t<\/div>\n\t\t","protected":false},"excerpt":{"rendered":"<p>-Re\u00fane 595 trabajos de 18 pa\u00edses; durante tres d\u00edas impulsar\u00e1 el di\u00e1logo global por la igualdad y la justicia Pachuca de Soto, Hidalgo, 28 de abril del 2026. \u2013 Ante la presencia de grupos de activistas, investigadores, estudiantes y p\u00fablico en general, Octavio Castillo Acosta, rector de la Universidad Aut\u00f3noma del Estado de Hidalgo (UAEH), [&hellip;]<\/p>\n","protected":false},"author":1,"featured_media":131066,"comment_status":"closed","ping_status":"closed","sticky":false,"template":"","format":"standard","meta":[],"categories":[4],"tags":[],"_links":{"self":[{"href":"https:\/\/www.septinoticias.com.mx\/index.php?rest_route=\/wp\/v2\/posts\/131064"}],"collection":[{"href":"https:\/\/www.septinoticias.com.mx\/index.php?rest_route=\/wp\/v2\/posts"}],"about":[{"href":"https:\/\/www.septinoticias.com.mx\/index.php?rest_route=\/wp\/v2\/types\/post"}],"author":[{"embeddable":true,"href":"https:\/\/www.septinoticias.com.mx\/index.php?rest_route=\/wp\/v2\/users\/1"}],"replies":[{"embeddable":true,"href":"https:\/\/www.septinoticias.com.mx\/index.php?rest_route=%2Fwp%2Fv2%2Fcomments&post=131064"}],"version-history":[{"count":4,"href":"https:\/\/www.septinoticias.com.mx\/index.php?rest_route=\/wp\/v2\/posts\/131064\/revisions"}],"predecessor-version":[{"id":131069,"href":"https:\/\/www.septinoticias.com.mx\/index.php?rest_route=\/wp\/v2\/posts\/131064\/revisions\/131069"}],"wp:featuredmedia":[{"embeddable":true,"href":"https:\/\/www.septinoticias.com.mx\/index.php?rest_route=\/wp\/v2\/media\/131066"}],"wp:attachment":[{"href":"https:\/\/www.septinoticias.com.mx\/index.php?rest_route=%2Fwp%2Fv2%2Fmedia&parent=131064"}],"wp:term":[{"taxonomy":"category","embeddable":true,"href":"https:\/\/www.septinoticias.com.mx\/index.php?rest_route=%2Fwp%2Fv2%2Fcategories&post=131064"},{"taxonomy":"post_tag","embeddable":true,"href":"https:\/\/www.septinoticias.com.mx\/index.php?rest_route=%2Fwp%2Fv2%2Ftags&post=131064"}],"curies":[{"name":"wp","href":"https:\/\/api.w.org\/{rel}","templated":true}]}}