{"id":131033,"date":"2026-04-29T09:24:22","date_gmt":"2026-04-29T09:24:22","guid":{"rendered":"https:\/\/www.septinoticias.com.mx\/?p=131033"},"modified":"2026-04-29T18:25:48","modified_gmt":"2026-04-29T18:25:48","slug":"exitosa-feria-de-la-ninez-en-tulancingo-con-mas-de-10-mil-asistentes","status":"publish","type":"post","link":"https:\/\/www.septinoticias.com.mx\/?p=131033","title":{"rendered":"Exitosa Feria de la Ni\u00f1ez en Tulancingo con m\u00e1s de 10 mil asistentes"},"content":{"rendered":"\t\t<div data-elementor-type=\"wp-post\" data-elementor-id=\"131033\" class=\"elementor elementor-131033\">\n\t\t\t\t\t\t\t\t\t<section class=\"elementor-section elementor-top-section elementor-element elementor-element-20bbcd3b elementor-section-boxed elementor-section-height-default elementor-section-height-default\" data-id=\"20bbcd3b\" data-element_type=\"section\">\n\t\t\t\t\t\t<div class=\"elementor-container elementor-column-gap-default\">\n\t\t\t\t\t<div class=\"elementor-column elementor-col-100 elementor-top-column elementor-element elementor-element-33be02ef\" data-id=\"33be02ef\" data-element_type=\"column\">\n\t\t\t<div class=\"elementor-widget-wrap elementor-element-populated\">\n\t\t\t\t\t\t\t\t<div class=\"elementor-element elementor-element-6c4a91f9 elementor-widget elementor-widget-text-editor\" data-id=\"6c4a91f9\" data-element_type=\"widget\" data-widget_type=\"text-editor.default\">\n\t\t\t\t<div class=\"elementor-widget-container\">\n\t\t\t<style>\/*! elementor - v3.10.1 - 17-01-2023 *\/\n.elementor-widget-text-editor.elementor-drop-cap-view-stacked .elementor-drop-cap{background-color:#818a91;color:#fff}.elementor-widget-text-editor.elementor-drop-cap-view-framed .elementor-drop-cap{color:#818a91;border:3px solid;background-color:transparent}.elementor-widget-text-editor:not(.elementor-drop-cap-view-default) .elementor-drop-cap{margin-top:8px}.elementor-widget-text-editor:not(.elementor-drop-cap-view-default) .elementor-drop-cap-letter{width:1em;height:1em}.elementor-widget-text-editor .elementor-drop-cap{float:left;text-align:center;line-height:1;font-size:50px}.elementor-widget-text-editor .elementor-drop-cap-letter{display:inline-block}<\/style>\t\t\t\t<p><strong>Tulancingo, Hgo., 26 de abril de 2026.-<\/strong>Durante siete horas ininterrumpidas, la Feria de la Ni\u00f1ez en Tulancingo se desarroll\u00f3 en un ambiente de sana convivencia familiar, superando la asistencia de m\u00e1s de 10 mil personas.<\/p><p>La presidenta municipal, Lorena Garc\u00eda, refiri\u00f3 que este evento sali\u00f3 avante gracias a la disposici\u00f3n y compromiso del equipo de trabajo del Gobierno Municipal, quienes, a trav\u00e9s de cada secretar\u00eda, instalaron stands tem\u00e1ticos llenos de alegr\u00eda y entusiasmo para las ni\u00f1as y los ni\u00f1os.<\/p><p>&#8220;Este acercamiento con la ni\u00f1ez permiti\u00f3 fortalecer la uni\u00f3n familiar como un acto de reconstrucci\u00f3n social; de convivencia y de amor &#8221; se\u00f1al\u00f3 la alcaldesa.<\/p><p>En esta edici\u00f3n, las familias disfrutaron de diversas \u00e1reas tem\u00e1ticas como ciencia, medicina canina, dibujo y pintura, inflables, rodeo, juegos cl\u00e1sicos, acuatl\u00f3n y spa, generando espacios recreativos e interactivos para todas las edades. En un \u00e1mbito de acercamiento institucional, elementos de Bomberos y Protecci\u00f3n Civil realizaron din\u00e1micas participativas entre padres e hijos, mientras que la Unidad K9 present\u00f3 demostraciones de las destrezas de los caninos en materia de seguridad.<\/p><p>Durante la jornada, los peque\u00f1os y peque\u00f1as recibieron juguetes, y disfrutaron de algodones de az\u00facar, palomitas y juegos mec\u00e1nicos de manera gratuita. Asimismo, en la carrera atl\u00e9tica infantil se cont\u00f3 con la participaci\u00f3n de 350 personas.<\/p><p>Para amenizar el ambiente, se cont\u00f3 con la participaci\u00f3n de DJ Armandito, de tan solo 11 a\u00f1os, quien puso ritmo y energ\u00eda a esta gran celebraci\u00f3n.<\/p><p>La tarde de festejo concluy\u00f3 con una funci\u00f3n de lucha libre, deporte de gran tradici\u00f3n en el municipio, que llen\u00f3 de emoci\u00f3n y entusiasmo a las familias asistentes.<\/p>\t\t\t\t\t\t<\/div>\n\t\t\t\t<\/div>\n\t\t\t\t\t<\/div>\n\t\t<\/div>\n\t\t\t\t\t\t\t<\/div>\n\t\t<\/section>\n\t\t\t\t\t\t\t<\/div>\n\t\t","protected":false},"excerpt":{"rendered":"<p>Tulancingo, Hgo., 26 de abril de 2026.-Durante siete horas ininterrumpidas, la Feria de la Ni\u00f1ez en Tulancingo se desarroll\u00f3 en un ambiente de sana convivencia familiar, superando la asistencia de m\u00e1s de 10 mil personas. La presidenta municipal, Lorena Garc\u00eda, refiri\u00f3 que este evento sali\u00f3 avante gracias a la disposici\u00f3n y compromiso del equipo de [&hellip;]<\/p>\n","protected":false},"author":1,"featured_media":131035,"comment_status":"closed","ping_status":"closed","sticky":false,"template":"","format":"standard","meta":[],"categories":[7],"tags":[],"_links":{"self":[{"href":"https:\/\/www.septinoticias.com.mx\/index.php?rest_route=\/wp\/v2\/posts\/131033"}],"collection":[{"href":"https:\/\/www.septinoticias.com.mx\/index.php?rest_route=\/wp\/v2\/posts"}],"about":[{"href":"https:\/\/www.septinoticias.com.mx\/index.php?rest_route=\/wp\/v2\/types\/post"}],"author":[{"embeddable":true,"href":"https:\/\/www.septinoticias.com.mx\/index.php?rest_route=\/wp\/v2\/users\/1"}],"replies":[{"embeddable":true,"href":"https:\/\/www.septinoticias.com.mx\/index.php?rest_route=%2Fwp%2Fv2%2Fcomments&post=131033"}],"version-history":[{"count":4,"href":"https:\/\/www.septinoticias.com.mx\/index.php?rest_route=\/wp\/v2\/posts\/131033\/revisions"}],"predecessor-version":[{"id":131038,"href":"https:\/\/www.septinoticias.com.mx\/index.php?rest_route=\/wp\/v2\/posts\/131033\/revisions\/131038"}],"wp:featuredmedia":[{"embeddable":true,"href":"https:\/\/www.septinoticias.com.mx\/index.php?rest_route=\/wp\/v2\/media\/131035"}],"wp:attachment":[{"href":"https:\/\/www.septinoticias.com.mx\/index.php?rest_route=%2Fwp%2Fv2%2Fmedia&parent=131033"}],"wp:term":[{"taxonomy":"category","embeddable":true,"href":"https:\/\/www.septinoticias.com.mx\/index.php?rest_route=%2Fwp%2Fv2%2Fcategories&post=131033"},{"taxonomy":"post_tag","embeddable":true,"href":"https:\/\/www.septinoticias.com.mx\/index.php?rest_route=%2Fwp%2Fv2%2Ftags&post=131033"}],"curies":[{"name":"wp","href":"https:\/\/api.w.org\/{rel}","templated":true}]}}