{"id":130982,"date":"2026-04-28T09:59:55","date_gmt":"2026-04-28T09:59:55","guid":{"rendered":"https:\/\/www.septinoticias.com.mx\/?p=130982"},"modified":"2026-04-28T20:00:43","modified_gmt":"2026-04-28T20:00:43","slug":"alerta-sobre-perfil-falso-en-redes-sociales-suplantan-a-funcionario-publico-2","status":"publish","type":"post","link":"https:\/\/www.septinoticias.com.mx\/?p=130982","title":{"rendered":"Alerta Sobre Perfil Falso en Redes Sociales Suplantan a Funcionario P\u00fablico"},"content":{"rendered":"\t\t<div data-elementor-type=\"wp-post\" data-elementor-id=\"130982\" class=\"elementor elementor-130982\">\n\t\t\t\t\t\t\t\t\t<section class=\"elementor-section elementor-top-section elementor-element elementor-element-20bbcd3b elementor-section-boxed elementor-section-height-default elementor-section-height-default\" data-id=\"20bbcd3b\" data-element_type=\"section\">\n\t\t\t\t\t\t<div class=\"elementor-container elementor-column-gap-default\">\n\t\t\t\t\t<div class=\"elementor-column elementor-col-100 elementor-top-column elementor-element elementor-element-33be02ef\" data-id=\"33be02ef\" data-element_type=\"column\">\n\t\t\t<div class=\"elementor-widget-wrap elementor-element-populated\">\n\t\t\t\t\t\t\t\t<div class=\"elementor-element elementor-element-6c4a91f9 elementor-widget elementor-widget-text-editor\" data-id=\"6c4a91f9\" data-element_type=\"widget\" data-widget_type=\"text-editor.default\">\n\t\t\t\t<div class=\"elementor-widget-container\">\n\t\t\t<style>\/*! elementor - v3.10.1 - 17-01-2023 *\/\n.elementor-widget-text-editor.elementor-drop-cap-view-stacked .elementor-drop-cap{background-color:#818a91;color:#fff}.elementor-widget-text-editor.elementor-drop-cap-view-framed .elementor-drop-cap{color:#818a91;border:3px solid;background-color:transparent}.elementor-widget-text-editor:not(.elementor-drop-cap-view-default) .elementor-drop-cap{margin-top:8px}.elementor-widget-text-editor:not(.elementor-drop-cap-view-default) .elementor-drop-cap-letter{width:1em;height:1em}.elementor-widget-text-editor .elementor-drop-cap{float:left;text-align:center;line-height:1;font-size:50px}.elementor-widget-text-editor .elementor-drop-cap-letter{display:inline-block}<\/style>\t\t\t\t<p><strong>Pachuca, Hgo., 27 de Abril de 2026.-<\/strong>Hacemos del conocimiento p\u00fablico que nuevamente se ha detectado la circulaci\u00f3n de un perfil falso en redes sociales que suplanta la identidad del titular de la Unidad de Planeaci\u00f3n y Prospectiva del Gobierno de Hidalgo, Miguel \u00c1ngel Tello Vargas.<\/p><p>Este perfil no es una cuenta oficial y no tiene ninguna relaci\u00f3n con \u00e9l ni con la dependencia. A trav\u00e9s de este tipo de cuentas se busca enga\u00f1ar a la ciudadan\u00eda, por lo que se hace un llamado a no seguirla ni compartir informaci\u00f3n personal.<\/p><p>Para evitar cualquier riesgo, se invita a la poblaci\u00f3n a verificar siempre las cuentas oficiales antes de interactuar. Los canales oficiales de Miguel Tello pueden consultarse en el siguiente enlace:<\/p><p>https:\/\/linktr.ee\/MiguelTelloV<\/p><p>Se reitera el compromiso de mantener una comunicaci\u00f3n clara y directa con la ciudadan\u00eda a trav\u00e9s de medios oficiales. Asimismo, se agradece a quienes han reportado este perfil y se exhorta a continuar denunciando este tipo de pr\u00e1cticas para evitar posibles afectaciones.<\/p>\t\t\t\t\t\t<\/div>\n\t\t\t\t<\/div>\n\t\t\t\t\t<\/div>\n\t\t<\/div>\n\t\t\t\t\t\t\t<\/div>\n\t\t<\/section>\n\t\t\t\t\t\t\t<\/div>\n\t\t","protected":false},"excerpt":{"rendered":"<p>Pachuca, Hgo., 27 de Abril de 2026.-Hacemos del conocimiento p\u00fablico que nuevamente se ha detectado la circulaci\u00f3n de un perfil falso en redes sociales que suplanta la identidad del titular de la Unidad de Planeaci\u00f3n y Prospectiva del Gobierno de Hidalgo, Miguel \u00c1ngel Tello Vargas. Este perfil no es una cuenta oficial y no tiene [&hellip;]<\/p>\n","protected":false},"author":1,"featured_media":130984,"comment_status":"closed","ping_status":"closed","sticky":false,"template":"","format":"standard","meta":[],"categories":[9],"tags":[],"_links":{"self":[{"href":"https:\/\/www.septinoticias.com.mx\/index.php?rest_route=\/wp\/v2\/posts\/130982"}],"collection":[{"href":"https:\/\/www.septinoticias.com.mx\/index.php?rest_route=\/wp\/v2\/posts"}],"about":[{"href":"https:\/\/www.septinoticias.com.mx\/index.php?rest_route=\/wp\/v2\/types\/post"}],"author":[{"embeddable":true,"href":"https:\/\/www.septinoticias.com.mx\/index.php?rest_route=\/wp\/v2\/users\/1"}],"replies":[{"embeddable":true,"href":"https:\/\/www.septinoticias.com.mx\/index.php?rest_route=%2Fwp%2Fv2%2Fcomments&post=130982"}],"version-history":[{"count":4,"href":"https:\/\/www.septinoticias.com.mx\/index.php?rest_route=\/wp\/v2\/posts\/130982\/revisions"}],"predecessor-version":[{"id":130987,"href":"https:\/\/www.septinoticias.com.mx\/index.php?rest_route=\/wp\/v2\/posts\/130982\/revisions\/130987"}],"wp:featuredmedia":[{"embeddable":true,"href":"https:\/\/www.septinoticias.com.mx\/index.php?rest_route=\/wp\/v2\/media\/130984"}],"wp:attachment":[{"href":"https:\/\/www.septinoticias.com.mx\/index.php?rest_route=%2Fwp%2Fv2%2Fmedia&parent=130982"}],"wp:term":[{"taxonomy":"category","embeddable":true,"href":"https:\/\/www.septinoticias.com.mx\/index.php?rest_route=%2Fwp%2Fv2%2Fcategories&post=130982"},{"taxonomy":"post_tag","embeddable":true,"href":"https:\/\/www.septinoticias.com.mx\/index.php?rest_route=%2Fwp%2Fv2%2Ftags&post=130982"}],"curies":[{"name":"wp","href":"https:\/\/api.w.org\/{rel}","templated":true}]}}