{"id":130828,"date":"2026-04-27T09:26:50","date_gmt":"2026-04-27T09:26:50","guid":{"rendered":"https:\/\/www.septinoticias.com.mx\/?p=130828"},"modified":"2026-04-27T20:29:42","modified_gmt":"2026-04-27T20:29:42","slug":"julio-menchaca-acompana-la-inauguracion-del-tren-buenavista-aifa","status":"publish","type":"post","link":"https:\/\/www.septinoticias.com.mx\/?p=130828","title":{"rendered":"Julio Menchaca Acompa\u00f1a la Inauguraci\u00f3n del Tren Buenavista\u2013AIFA"},"content":{"rendered":"\t\t<div data-elementor-type=\"wp-post\" data-elementor-id=\"130828\" class=\"elementor elementor-130828\">\n\t\t\t\t\t\t\t\t\t<section class=\"elementor-section elementor-top-section elementor-element elementor-element-20bbcd3b elementor-section-boxed elementor-section-height-default elementor-section-height-default\" data-id=\"20bbcd3b\" data-element_type=\"section\">\n\t\t\t\t\t\t<div class=\"elementor-container elementor-column-gap-default\">\n\t\t\t\t\t<div class=\"elementor-column elementor-col-100 elementor-top-column elementor-element elementor-element-33be02ef\" data-id=\"33be02ef\" data-element_type=\"column\">\n\t\t\t<div class=\"elementor-widget-wrap elementor-element-populated\">\n\t\t\t\t\t\t\t\t<div class=\"elementor-element elementor-element-6c4a91f9 elementor-widget elementor-widget-text-editor\" data-id=\"6c4a91f9\" data-element_type=\"widget\" data-widget_type=\"text-editor.default\">\n\t\t\t\t<div class=\"elementor-widget-container\">\n\t\t\t<style>\/*! elementor - v3.10.1 - 17-01-2023 *\/\n.elementor-widget-text-editor.elementor-drop-cap-view-stacked .elementor-drop-cap{background-color:#818a91;color:#fff}.elementor-widget-text-editor.elementor-drop-cap-view-framed .elementor-drop-cap{color:#818a91;border:3px solid;background-color:transparent}.elementor-widget-text-editor:not(.elementor-drop-cap-view-default) .elementor-drop-cap{margin-top:8px}.elementor-widget-text-editor:not(.elementor-drop-cap-view-default) .elementor-drop-cap-letter{width:1em;height:1em}.elementor-widget-text-editor .elementor-drop-cap{float:left;text-align:center;line-height:1;font-size:50px}.elementor-widget-text-editor .elementor-drop-cap-letter{display:inline-block}<\/style>\t\t\t\t<p><strong>-El mandatario estatal enfatiz\u00f3 que este proyecto estrat\u00e9gico posiciona a Hidalgo como un eje clave en la recuperaci\u00f3n del sistema ferroviario nacional<\/strong><\/p><p><strong>-La estaci\u00f3n perteneciente al AIFA llevar\u00e1 el nombre de Clara Krause, esposa del general Felipe \u00c1ngeles, como reconocimiento a sus aportaciones a la lucha revolucionaria<\/strong><\/p><p><strong>Pachuca, Hgo., 26 de abril de 2025.-<\/strong>El gobernador de Hidalgo, Julio Menchaca Salazar, acompa\u00f1\u00f3 a la presidenta de M\u00e9xico, Claudia Sheinbaum Pardo, en la inauguraci\u00f3n del tren &#8220;Felipe \u00c1ngeles&#8221;, en su ramal Buenavista-AIFA, obra estrat\u00e9gica que fortalece la movilidad en la zona metropolitana del Valle de M\u00e9xico.<\/p><p>Al momento de tomar la palabra, la presidenta Claudia Sheinbaum asever\u00f3 que el poder contar con un sistema de movilidad digno para el pueblo de M\u00e9xico, forma parte de los compromisos de bienestar y prosperidad compartida que promueve la Cuarta Transformaci\u00f3n.<\/p><p>\u201cEl que esta l\u00ednea tenga el nombre de Felipe \u00c1ngeles, un distinguido hidalguense, un mexicano que mostr\u00f3 el cari\u00f1o a su patria en el frente de batalla y en representaciones diplom\u00e1ticas es motivo de orgullo para nuestra entidad\u201d, resalt\u00f3 Menchaca Salazar al recordar que estas obras significan un cambio trascendental y la posibilidad de ampliar las inversiones, el desarrollo y el bienestar para las y los hidalguenses.<\/p><p>Durante este acto, en el que tambi\u00e9n estuvieron presentes la jefa de Gobierno de la Ciudad de M\u00e9xico, Clara Brugada Molina, y la gobernadora del Estado de M\u00e9xico, Delfina G\u00f3mez \u00c1lvarez, se destac\u00f3 la relevancia de este proyecto como parte del proceso de recuperaci\u00f3n y fortalecimiento de la red ferroviaria nacional impulsado por el Gobierno de M\u00e9xico.<\/p><p>El mandatario hidalguense refrend\u00f3 su respaldo a la presidenta, a su gobierno y a la estrategia nacional de movilidad, al se\u00f1alar que este tipo de obras representan un paso firme hacia un sistema de transporte m\u00e1s eficiente, accesible y sustentable para millones de personas.<\/p><p>El tren Buenavista\u2013Aeropuerto Internacional Felipe \u00c1ngeles inici\u00f3 operaciones a trav\u00e9s de una v\u00eda de 41 kil\u00f3metros con tarifas accesibles de 11.50 pesos en trayectos cortos y 45 pesos en recorrido completo, durante su primer mes, lo que permitir\u00e1 acercar este servicio a un mayor n\u00famero de personas usuarias.<\/p><p>Con estas acciones, el Gobierno de Hidalgo reafirma su compromiso de trabajar de manera coordinada con la federaci\u00f3n para impulsar proyectos que potencien la conectividad, el desarrollo econ\u00f3mico y la proyecci\u00f3n de la entidad a nivel nacional, posicionando a Hidalgo como un nodo estrat\u00e9gico dentro del sistema ferroviario del pa\u00eds.<\/p>\t\t\t\t\t\t<\/div>\n\t\t\t\t<\/div>\n\t\t\t\t\t<\/div>\n\t\t<\/div>\n\t\t\t\t\t\t\t<\/div>\n\t\t<\/section>\n\t\t\t\t<section class=\"elementor-section elementor-top-section elementor-element elementor-element-4f91dc5 elementor-section-boxed elementor-section-height-default elementor-section-height-default\" data-id=\"4f91dc5\" data-element_type=\"section\">\n\t\t\t\t\t\t<div class=\"elementor-container elementor-column-gap-default\">\n\t\t\t\t\t<div class=\"elementor-column elementor-col-50 elementor-top-column elementor-element elementor-element-8e8eef8\" data-id=\"8e8eef8\" data-element_type=\"column\">\n\t\t\t<div class=\"elementor-widget-wrap elementor-element-populated\">\n\t\t\t\t\t\t\t\t<div class=\"elementor-element elementor-element-af08633 elementor-aspect-ratio-169 elementor-widget elementor-widget-video\" data-id=\"af08633\" data-element_type=\"widget\" data-settings=\"{&quot;youtube_url&quot;:&quot;https:\\\/\\\/youtu.be\\\/UOO9d7aslZA?si=7oGiMP_WNldus8iB&quot;,&quot;video_type&quot;:&quot;youtube&quot;,&quot;controls&quot;:&quot;yes&quot;,&quot;aspect_ratio&quot;:&quot;169&quot;}\" data-widget_type=\"video.default\">\n\t\t\t\t<div class=\"elementor-widget-container\">\n\t\t\t<style>\/*! elementor - v3.10.1 - 17-01-2023 *\/\n.elementor-widget-video .elementor-widget-container{overflow:hidden;transform:translateZ(0)}.elementor-widget-video .elementor-open-inline .elementor-custom-embed-image-overlay{position:absolute;top:0;left:0;width:100%;height:100%;background-size:cover;background-position:50%}.elementor-widget-video .elementor-custom-embed-image-overlay{cursor:pointer;text-align:center}.elementor-widget-video .elementor-custom-embed-image-overlay:hover .elementor-custom-embed-play i{opacity:1}.elementor-widget-video .elementor-custom-embed-image-overlay img{display:block;width:100%}.elementor-widget-video .e-hosted-video .elementor-video{-o-object-fit:cover;object-fit:cover}.e-con-inner>.elementor-widget-video,.e-con>.elementor-widget-video{width:var(--container-widget-width);--flex-grow:var(--container-widget-flex-grow)}<\/style>\t\t<div class=\"elementor-wrapper elementor-fit-aspect-ratio elementor-open-inline\">\n\t\t\t<div class=\"elementor-video\"><\/div>\t\t<\/div>\n\t\t\t\t<\/div>\n\t\t\t\t<\/div>\n\t\t\t\t\t<\/div>\n\t\t<\/div>\n\t\t\t\t<div class=\"elementor-column elementor-col-50 elementor-top-column elementor-element elementor-element-77d2beb\" data-id=\"77d2beb\" data-element_type=\"column\">\n\t\t\t<div class=\"elementor-widget-wrap elementor-element-populated\">\n\t\t\t\t\t\t\t\t<div class=\"elementor-element elementor-element-c3a0f34 elementor-aspect-ratio-169 elementor-widget elementor-widget-video\" data-id=\"c3a0f34\" data-element_type=\"widget\" data-settings=\"{&quot;youtube_url&quot;:&quot;https:\\\/\\\/youtu.be\\\/2SxhxHeBliA&quot;,&quot;video_type&quot;:&quot;youtube&quot;,&quot;controls&quot;:&quot;yes&quot;,&quot;aspect_ratio&quot;:&quot;169&quot;}\" data-widget_type=\"video.default\">\n\t\t\t\t<div class=\"elementor-widget-container\">\n\t\t\t\t\t<div class=\"elementor-wrapper elementor-fit-aspect-ratio elementor-open-inline\">\n\t\t\t<div class=\"elementor-video\"><\/div>\t\t<\/div>\n\t\t\t\t<\/div>\n\t\t\t\t<\/div>\n\t\t\t\t\t<\/div>\n\t\t<\/div>\n\t\t\t\t\t\t\t<\/div>\n\t\t<\/section>\n\t\t\t\t\t\t\t<\/div>\n\t\t","protected":false},"excerpt":{"rendered":"<p>-El mandatario estatal enfatiz\u00f3 que este proyecto estrat\u00e9gico posiciona a Hidalgo como un eje clave en la recuperaci\u00f3n del sistema ferroviario nacional -La estaci\u00f3n perteneciente al AIFA llevar\u00e1 el nombre de Clara Krause, esposa del general Felipe \u00c1ngeles, como reconocimiento a sus aportaciones a la lucha revolucionaria Pachuca, Hgo., 26 de abril de 2025.-El gobernador [&hellip;]<\/p>\n","protected":false},"author":1,"featured_media":130831,"comment_status":"closed","ping_status":"closed","sticky":false,"template":"","format":"standard","meta":[],"categories":[9],"tags":[],"_links":{"self":[{"href":"https:\/\/www.septinoticias.com.mx\/index.php?rest_route=\/wp\/v2\/posts\/130828"}],"collection":[{"href":"https:\/\/www.septinoticias.com.mx\/index.php?rest_route=\/wp\/v2\/posts"}],"about":[{"href":"https:\/\/www.septinoticias.com.mx\/index.php?rest_route=\/wp\/v2\/types\/post"}],"author":[{"embeddable":true,"href":"https:\/\/www.septinoticias.com.mx\/index.php?rest_route=\/wp\/v2\/users\/1"}],"replies":[{"embeddable":true,"href":"https:\/\/www.septinoticias.com.mx\/index.php?rest_route=%2Fwp%2Fv2%2Fcomments&post=130828"}],"version-history":[{"count":4,"href":"https:\/\/www.septinoticias.com.mx\/index.php?rest_route=\/wp\/v2\/posts\/130828\/revisions"}],"predecessor-version":[{"id":130834,"href":"https:\/\/www.septinoticias.com.mx\/index.php?rest_route=\/wp\/v2\/posts\/130828\/revisions\/130834"}],"wp:featuredmedia":[{"embeddable":true,"href":"https:\/\/www.septinoticias.com.mx\/index.php?rest_route=\/wp\/v2\/media\/130831"}],"wp:attachment":[{"href":"https:\/\/www.septinoticias.com.mx\/index.php?rest_route=%2Fwp%2Fv2%2Fmedia&parent=130828"}],"wp:term":[{"taxonomy":"category","embeddable":true,"href":"https:\/\/www.septinoticias.com.mx\/index.php?rest_route=%2Fwp%2Fv2%2Fcategories&post=130828"},{"taxonomy":"post_tag","embeddable":true,"href":"https:\/\/www.septinoticias.com.mx\/index.php?rest_route=%2Fwp%2Fv2%2Ftags&post=130828"}],"curies":[{"name":"wp","href":"https:\/\/api.w.org\/{rel}","templated":true}]}}