{"id":130800,"date":"2026-04-27T09:17:14","date_gmt":"2026-04-27T09:17:14","guid":{"rendered":"https:\/\/www.septinoticias.com.mx\/?p=130800"},"modified":"2026-04-27T20:23:43","modified_gmt":"2026-04-27T20:23:43","slug":"foro-de-dialogos-entre-justicias-en-ixmiquilpan","status":"publish","type":"post","link":"https:\/\/www.septinoticias.com.mx\/?p=130800","title":{"rendered":"Foro de Di\u00e1logos Entre Justicias en Ixmiquilpan"},"content":{"rendered":"\t\t<div data-elementor-type=\"wp-post\" data-elementor-id=\"130800\" class=\"elementor elementor-130800\">\n\t\t\t\t\t\t\t\t\t<section class=\"elementor-section elementor-top-section elementor-element elementor-element-20bbcd3b elementor-section-boxed elementor-section-height-default elementor-section-height-default\" data-id=\"20bbcd3b\" data-element_type=\"section\">\n\t\t\t\t\t\t<div class=\"elementor-container elementor-column-gap-default\">\n\t\t\t\t\t<div class=\"elementor-column elementor-col-100 elementor-top-column elementor-element elementor-element-33be02ef\" data-id=\"33be02ef\" data-element_type=\"column\">\n\t\t\t<div class=\"elementor-widget-wrap elementor-element-populated\">\n\t\t\t\t\t\t\t\t<div class=\"elementor-element elementor-element-6c4a91f9 elementor-widget elementor-widget-text-editor\" data-id=\"6c4a91f9\" data-element_type=\"widget\" data-widget_type=\"text-editor.default\">\n\t\t\t\t<div class=\"elementor-widget-container\">\n\t\t\t<style>\/*! elementor - v3.10.1 - 17-01-2023 *\/\n.elementor-widget-text-editor.elementor-drop-cap-view-stacked .elementor-drop-cap{background-color:#818a91;color:#fff}.elementor-widget-text-editor.elementor-drop-cap-view-framed .elementor-drop-cap{color:#818a91;border:3px solid;background-color:transparent}.elementor-widget-text-editor:not(.elementor-drop-cap-view-default) .elementor-drop-cap{margin-top:8px}.elementor-widget-text-editor:not(.elementor-drop-cap-view-default) .elementor-drop-cap-letter{width:1em;height:1em}.elementor-widget-text-editor .elementor-drop-cap{float:left;text-align:center;line-height:1;font-size:50px}.elementor-widget-text-editor .elementor-drop-cap-letter{display:inline-block}<\/style>\t\t\t\t<p>El ministro\u00a0presidente\u00a0de la\u00a0<a href=\"https:\/\/www.scjn.gob.mx\/\">Suprema Corte de Justicia de la Naci\u00f3n (SCJN)<\/a>, Hugo Aguilar Ortiz,\u00a0encabez\u00f3\u00a0el foro\u00a0<em>Di\u00e1logos entre Justicias<\/em>, en\u00a0<a href=\"https:\/\/oem.com.mx\/elsoldehidalgo\/local\/ixmiquilpan-carniceros-enfrentan-perdidas-y-altos-costos-tras-clausura-de-rastro-municipal-29616208\">Ixmiquilpan<\/a>\u00a0el 25 de abril, con el prop\u00f3sito de\u00a0vincular\u00a0el\u00a0sistema jur\u00eddico estatal\u00a0con los\u00a0sistemas normativos ind\u00edgenas.<\/p><p>En\u00a0entrevista con\u00a0<em>El Sol de Hidalgo<\/em>,\u00a0inform\u00f3\u00a0que los\u00a0derechos\u00a0de los\u00a0pueblos ind\u00edgenas\u00a0sobre la\u00a0tenencia\u00a0del\u00a0agua\u00a0y sus\u00a0concesiones\u00a0sobre\u00a0pozos\u00a0y\u00a0manantiales\u00a0estar\u00e1n\u00a0asegurados\u00a0en la\u00a0Ley General de Pueblos Ind\u00edgenas.<\/p><p>Lo anterior se debe a que la\u00a0Asociaci\u00f3n de Balnearios de Hidalgo, integrada por empresas sociales y cooperativas,\u00a0rechaz\u00f3\u00a0la\u00a0reforma\u00a0a la\u00a0Ley de Aguas Nacionales, en la cual\u00a0quitaron el derecho a heredar las concesiones de agua, as\u00ed como a traspasar ese derecho sobre el permiso otorgado por la Comisi\u00f3n Nacional del Agua (Conagua), debido a que no fueron consultados, como lo establece el art\u00edculo segundo de la Constituci\u00f3n Pol\u00edtica de los Estados Unidos Mexicanos.<\/p><p>\u201cMuchos derechos de agua de los pueblos van a quedar en la\u00a0Ley General de Derechos de Pueblos Ind\u00edgenas. Todo esto es nuevo, hay que trabajar en una armonizaci\u00f3n normativa y su implementaci\u00f3n. A la Corte y al Poder Judicial nos toca la implementaci\u00f3n y vamos a revisar casos\u201d, explic\u00f3.<\/p><p>Respecto a la administraci\u00f3n de los sistemas de agua por las comunidades ind\u00edgenas h\u00f1ah\u00f1u en la regi\u00f3n del\u00a0<a href=\"https:\/\/oem.com.mx\/elsoldehidalgo\/local\/entre-bordados-artesanas-defienden-iconografia-flor-y-canto-en-nueva-audiencia-en-indautor-29652010\">Valle del Mezquital<\/a>, el entrevistado\u00a0asegur\u00f3\u00a0que con la reforma al art\u00edculo segundo constitucional, las\u00a0comunidades ind\u00edgenas ya son sujetos de identidad jur\u00eddica propia y patrimonio.<\/p><p>\u201cLo que s\u00ed puedo adelantar, como lo se\u00f1al\u00e9 ahorita en la intervenci\u00f3n, es que un conjunto de derechos y decisiones que se tomaban de manera tradicional, dig\u00e1moslo as\u00ed, desde el \u00e1mbito del Estado, ahora van a sufrir una modificaci\u00f3n a la luz del nuevo est\u00e1ndar constitucional de nuestro pa\u00eds y, sin duda, el tema del\u00a0agua, el tema de la organizaci\u00f3n para proveer servicios de agua, va a entrar en una fase de reflexi\u00f3n\u201d, agreg\u00f3.<\/p><p>\u201cEn algunos estados, las comunidades ya\u00a0tienen la posibilidad de manejar y administrar el agua. Se emiti\u00f3 un\u00a0decreto\u00a0en el\u00a0Valle de Oaxaca\u00a0para\u00a016 comunidades ind\u00edgenas. Tambi\u00e9n en el pueblo Yaqui hubo un avance importante en la reinterpretaci\u00f3n de la condici\u00f3n de sujetos de derechos p\u00fablicos\u201d, concluy\u00f3.<\/p>\t\t\t\t\t\t<\/div>\n\t\t\t\t<\/div>\n\t\t\t\t\t<\/div>\n\t\t<\/div>\n\t\t\t\t\t\t\t<\/div>\n\t\t<\/section>\n\t\t\t\t\t\t\t<\/div>\n\t\t","protected":false},"excerpt":{"rendered":"<p>El ministro\u00a0presidente\u00a0de la\u00a0Suprema Corte de Justicia de la Naci\u00f3n (SCJN), Hugo Aguilar Ortiz,\u00a0encabez\u00f3\u00a0el foro\u00a0Di\u00e1logos entre Justicias, en\u00a0Ixmiquilpan\u00a0el 25 de abril, con el prop\u00f3sito de\u00a0vincular\u00a0el\u00a0sistema jur\u00eddico estatal\u00a0con los\u00a0sistemas normativos ind\u00edgenas. En\u00a0entrevista con\u00a0El Sol de Hidalgo,\u00a0inform\u00f3\u00a0que los\u00a0derechos\u00a0de los\u00a0pueblos ind\u00edgenas\u00a0sobre la\u00a0tenencia\u00a0del\u00a0agua\u00a0y sus\u00a0concesiones\u00a0sobre\u00a0pozos\u00a0y\u00a0manantiales\u00a0estar\u00e1n\u00a0asegurados\u00a0en la\u00a0Ley General de Pueblos Ind\u00edgenas. Lo anterior se debe a que la\u00a0Asociaci\u00f3n de Balnearios de Hidalgo, [&hellip;]<\/p>\n","protected":false},"author":1,"featured_media":120242,"comment_status":"closed","ping_status":"closed","sticky":false,"template":"","format":"standard","meta":[],"categories":[9],"tags":[],"_links":{"self":[{"href":"https:\/\/www.septinoticias.com.mx\/index.php?rest_route=\/wp\/v2\/posts\/130800"}],"collection":[{"href":"https:\/\/www.septinoticias.com.mx\/index.php?rest_route=\/wp\/v2\/posts"}],"about":[{"href":"https:\/\/www.septinoticias.com.mx\/index.php?rest_route=\/wp\/v2\/types\/post"}],"author":[{"embeddable":true,"href":"https:\/\/www.septinoticias.com.mx\/index.php?rest_route=\/wp\/v2\/users\/1"}],"replies":[{"embeddable":true,"href":"https:\/\/www.septinoticias.com.mx\/index.php?rest_route=%2Fwp%2Fv2%2Fcomments&post=130800"}],"version-history":[{"count":7,"href":"https:\/\/www.septinoticias.com.mx\/index.php?rest_route=\/wp\/v2\/posts\/130800\/revisions"}],"predecessor-version":[{"id":130814,"href":"https:\/\/www.septinoticias.com.mx\/index.php?rest_route=\/wp\/v2\/posts\/130800\/revisions\/130814"}],"wp:featuredmedia":[{"embeddable":true,"href":"https:\/\/www.septinoticias.com.mx\/index.php?rest_route=\/wp\/v2\/media\/120242"}],"wp:attachment":[{"href":"https:\/\/www.septinoticias.com.mx\/index.php?rest_route=%2Fwp%2Fv2%2Fmedia&parent=130800"}],"wp:term":[{"taxonomy":"category","embeddable":true,"href":"https:\/\/www.septinoticias.com.mx\/index.php?rest_route=%2Fwp%2Fv2%2Fcategories&post=130800"},{"taxonomy":"post_tag","embeddable":true,"href":"https:\/\/www.septinoticias.com.mx\/index.php?rest_route=%2Fwp%2Fv2%2Ftags&post=130800"}],"curies":[{"name":"wp","href":"https:\/\/api.w.org\/{rel}","templated":true}]}}