{"id":130794,"date":"2026-04-27T09:16:05","date_gmt":"2026-04-27T09:16:05","guid":{"rendered":"https:\/\/www.septinoticias.com.mx\/?p=130794"},"modified":"2026-04-27T20:16:55","modified_gmt":"2026-04-27T20:16:55","slug":"hidalgo-invitado-de-honor-en-la-feria-aeroespacial-mexicana-famex-2027","status":"publish","type":"post","link":"https:\/\/www.septinoticias.com.mx\/?p=130794","title":{"rendered":"Hidalgo, Invitado de Honor en la Feria Aeroespacial Mexicana FAMEX 2027"},"content":{"rendered":"\t\t<div data-elementor-type=\"wp-post\" data-elementor-id=\"130794\" class=\"elementor elementor-130794\">\n\t\t\t\t\t\t\t\t\t<section class=\"elementor-section elementor-top-section elementor-element elementor-element-20bbcd3b elementor-section-boxed elementor-section-height-default elementor-section-height-default\" data-id=\"20bbcd3b\" data-element_type=\"section\">\n\t\t\t\t\t\t<div class=\"elementor-container elementor-column-gap-default\">\n\t\t\t\t\t<div class=\"elementor-column elementor-col-100 elementor-top-column elementor-element elementor-element-33be02ef\" data-id=\"33be02ef\" data-element_type=\"column\">\n\t\t\t<div class=\"elementor-widget-wrap elementor-element-populated\">\n\t\t\t\t\t\t\t\t<div class=\"elementor-element elementor-element-6c4a91f9 elementor-widget elementor-widget-text-editor\" data-id=\"6c4a91f9\" data-element_type=\"widget\" data-widget_type=\"text-editor.default\">\n\t\t\t\t<div class=\"elementor-widget-container\">\n\t\t\t<style>\/*! elementor - v3.10.1 - 17-01-2023 *\/\n.elementor-widget-text-editor.elementor-drop-cap-view-stacked .elementor-drop-cap{background-color:#818a91;color:#fff}.elementor-widget-text-editor.elementor-drop-cap-view-framed .elementor-drop-cap{color:#818a91;border:3px solid;background-color:transparent}.elementor-widget-text-editor:not(.elementor-drop-cap-view-default) .elementor-drop-cap{margin-top:8px}.elementor-widget-text-editor:not(.elementor-drop-cap-view-default) .elementor-drop-cap-letter{width:1em;height:1em}.elementor-widget-text-editor .elementor-drop-cap{float:left;text-align:center;line-height:1;font-size:50px}.elementor-widget-text-editor .elementor-drop-cap-letter{display:inline-block}<\/style>\t\t\t\t<p><strong>&#8211;\u00a0 El estado se consolida como potencia en la industria aeroespacial global<\/strong><\/p><p><strong>Tulum, Quintana Roo; a 26 de abril de 2026.-<\/strong>En un hecho sin precedentes que proyecta al estado hacia las ligas mayores de la tecnolog\u00eda global, Hidalgo fue nombrado oficialmente Estado Mexicano Invitado de Honor para la Feria Aeroespacial Mexicana (FAMEX) 2027.<\/p><p>Este anuncio, realizado en el marco del \u201cEspect\u00e1culo A\u00e9reo Tulum 2026\u201d, en Quintana Roo, ratifica el \u00e9xito de las pol\u00edticas p\u00fablicas del gobernador Julio Menchaca Salazar para transformar a la entidad en un polo estrat\u00e9gico de innovaci\u00f3n y manufactura avanzada.<\/p><p>En representaci\u00f3n del mandatario estatal, el secretario de Desarrollo Econ\u00f3mico, Carlos Henkel Escorza, recibi\u00f3 esta distinci\u00f3n que coloca a Hidalgo en el epicentro de uno de los sectores m\u00e1s din\u00e1micos del mundo.<\/p><p>Subray\u00f3 que este logro es resultado directo de la visi\u00f3n del gobernador para capitalizar la ubicaci\u00f3n geogr\u00e1fica del estado y convertirla en una ventaja competitiva de talla internacional, impulsando el desarrollo tecnol\u00f3gico y la atracci\u00f3n de inversiones de alta especialidad.<\/p><p>Hidalgo compartir\u00e1 el escenario de honor en la 7\u00aa edici\u00f3n de la FAMEX junto a Italia, pa\u00eds invitado, lo que representa una oportunidad hist\u00f3rica para vincular a las industrias y universidades hidalguenses con los mercados globales.<\/p><p>La estrategia del gobierno del estado busca que esta plataforma trascienda lo econ\u00f3mico, promoviendo una agenda com\u00fan que fomente la prosperidad compartida y el intercambio de conocimiento t\u00e9cnico en beneficio de las juventudes hidalguenses.<\/p><p>\u201cEsta designaci\u00f3n demuestra que Hidalgo est\u00e1 a la altura de eventos de talla internacional que impulsan la inversi\u00f3n en sectores estrat\u00e9gicos para el futuro de M\u00e9xico\u201d, afirm\u00f3 Henkel Escorza.<\/p><p>La consolidaci\u00f3n de Hidalgo como potencia aeroespacial es el fruto del trabajo diario de la actual administraci\u00f3n por atraer empresas de manufactura de alta tecnolog\u00eda y fortalecer la cadena de proveedur\u00eda local. Como miembro activo del Cl\u00faster Aeroespacial Metropolitano, el estado se prepara para recibir este mismo a\u00f1o el Primer Congreso Internacional de Innovaci\u00f3n Aeroespacial, posicionando su liderazgo en la regi\u00f3n centro del pa\u00eds.<\/p><p>El General de Divisi\u00f3n Rom\u00e1n Carmona Landa, comandante de la Fuerza A\u00e9rea Mexicana y representante del Secretario de la Defensa Nacional (SEDENA), Ricardo Trevilla Trejo, reconoci\u00f3 a Hidalgo como un ejemplo de colaboraci\u00f3n nacional y progreso.<\/p><p>Por su parte, el embajador de Italia en M\u00e9xico, Alessandro Modiano, expres\u00f3 su gratitud y disposici\u00f3n para trabajar de la mano con el gobierno de Julio Menchaca en un evento de proyecci\u00f3n internacional que no solo mostrar\u00e1 aviones y cifras, sino el compromiso de un estado que avanza con rumbo claro hacia el futuro.<\/p><p>La Feria Aeroespacial M\u00e9xico (FAMEX) 2027, es el evento del sector m\u00e1s importante de Latinoam\u00e9rica, se celebrar\u00e1 en la Base A\u00e9rea Militar No. 1 de Santa Luc\u00eda, Estado de M\u00e9xico, consolidando su papel en la industria aeroespacial, defensa y seguridad.<\/p>\t\t\t\t\t\t<\/div>\n\t\t\t\t<\/div>\n\t\t\t\t\t<\/div>\n\t\t<\/div>\n\t\t\t\t\t\t\t<\/div>\n\t\t<\/section>\n\t\t\t\t\t\t\t<\/div>\n\t\t","protected":false},"excerpt":{"rendered":"<p>&#8211;\u00a0 El estado se consolida como potencia en la industria aeroespacial global Tulum, Quintana Roo; a 26 de abril de 2026.-En un hecho sin precedentes que proyecta al estado hacia las ligas mayores de la tecnolog\u00eda global, Hidalgo fue nombrado oficialmente Estado Mexicano Invitado de Honor para la Feria Aeroespacial Mexicana (FAMEX) 2027. Este anuncio, [&hellip;]<\/p>\n","protected":false},"author":1,"featured_media":130796,"comment_status":"closed","ping_status":"closed","sticky":false,"template":"","format":"standard","meta":[],"categories":[5],"tags":[],"_links":{"self":[{"href":"https:\/\/www.septinoticias.com.mx\/index.php?rest_route=\/wp\/v2\/posts\/130794"}],"collection":[{"href":"https:\/\/www.septinoticias.com.mx\/index.php?rest_route=\/wp\/v2\/posts"}],"about":[{"href":"https:\/\/www.septinoticias.com.mx\/index.php?rest_route=\/wp\/v2\/types\/post"}],"author":[{"embeddable":true,"href":"https:\/\/www.septinoticias.com.mx\/index.php?rest_route=\/wp\/v2\/users\/1"}],"replies":[{"embeddable":true,"href":"https:\/\/www.septinoticias.com.mx\/index.php?rest_route=%2Fwp%2Fv2%2Fcomments&post=130794"}],"version-history":[{"count":4,"href":"https:\/\/www.septinoticias.com.mx\/index.php?rest_route=\/wp\/v2\/posts\/130794\/revisions"}],"predecessor-version":[{"id":130799,"href":"https:\/\/www.septinoticias.com.mx\/index.php?rest_route=\/wp\/v2\/posts\/130794\/revisions\/130799"}],"wp:featuredmedia":[{"embeddable":true,"href":"https:\/\/www.septinoticias.com.mx\/index.php?rest_route=\/wp\/v2\/media\/130796"}],"wp:attachment":[{"href":"https:\/\/www.septinoticias.com.mx\/index.php?rest_route=%2Fwp%2Fv2%2Fmedia&parent=130794"}],"wp:term":[{"taxonomy":"category","embeddable":true,"href":"https:\/\/www.septinoticias.com.mx\/index.php?rest_route=%2Fwp%2Fv2%2Fcategories&post=130794"},{"taxonomy":"post_tag","embeddable":true,"href":"https:\/\/www.septinoticias.com.mx\/index.php?rest_route=%2Fwp%2Fv2%2Ftags&post=130794"}],"curies":[{"name":"wp","href":"https:\/\/api.w.org\/{rel}","templated":true}]}}