{"id":130706,"date":"2026-04-26T08:35:19","date_gmt":"2026-04-26T08:35:19","guid":{"rendered":"https:\/\/www.septinoticias.com.mx\/?p=130706"},"modified":"2026-04-26T17:49:29","modified_gmt":"2026-04-26T17:49:29","slug":"sheinbaum-y-menchaca-ponen-en-marcha-infraestructura-deportiva-que-fortalece-el-tejido-social-en-pachuca","status":"publish","type":"post","link":"https:\/\/www.septinoticias.com.mx\/?p=130706","title":{"rendered":"Sheinbaum y Menchaca Ponen en Marcha Infraestructura Deportiva Que Fortalece El Tejido Social En Pachuca"},"content":{"rendered":"\t\t<div data-elementor-type=\"wp-post\" data-elementor-id=\"130706\" class=\"elementor elementor-130706\">\n\t\t\t\t\t\t\t\t\t<section class=\"elementor-section elementor-top-section elementor-element elementor-element-20bbcd3b elementor-section-boxed elementor-section-height-default elementor-section-height-default\" data-id=\"20bbcd3b\" data-element_type=\"section\">\n\t\t\t\t\t\t<div class=\"elementor-container elementor-column-gap-default\">\n\t\t\t\t\t<div class=\"elementor-column elementor-col-100 elementor-top-column elementor-element elementor-element-33be02ef\" data-id=\"33be02ef\" data-element_type=\"column\">\n\t\t\t<div class=\"elementor-widget-wrap elementor-element-populated\">\n\t\t\t\t\t\t\t\t<div class=\"elementor-element elementor-element-6c4a91f9 elementor-widget elementor-widget-text-editor\" data-id=\"6c4a91f9\" data-element_type=\"widget\" data-widget_type=\"text-editor.default\">\n\t\t\t\t<div class=\"elementor-widget-container\">\n\t\t\t<style>\/*! elementor - v3.10.1 - 17-01-2023 *\/\n.elementor-widget-text-editor.elementor-drop-cap-view-stacked .elementor-drop-cap{background-color:#818a91;color:#fff}.elementor-widget-text-editor.elementor-drop-cap-view-framed .elementor-drop-cap{color:#818a91;border:3px solid;background-color:transparent}.elementor-widget-text-editor:not(.elementor-drop-cap-view-default) .elementor-drop-cap{margin-top:8px}.elementor-widget-text-editor:not(.elementor-drop-cap-view-default) .elementor-drop-cap-letter{width:1em;height:1em}.elementor-widget-text-editor .elementor-drop-cap{float:left;text-align:center;line-height:1;font-size:50px}.elementor-widget-text-editor .elementor-drop-cap-letter{display:inline-block}<\/style>\t\t\t\t<p><strong>&#8211;\u00a0 El gobierno de Hidalgo destin\u00f3 m\u00e1s de 518 mdp, en el complejo Ciudad Deportiva<\/strong><\/p><p><strong>Pachuca, Hgo., 25 de abril de 2026.-<\/strong>En el marco de la gira de trabajo de la presidenta Claudia Sheinbaum Pardo por el estado de Hidalgo, junto con el gobernador Julio Menchaca Salazar, se llev\u00f3 a cabo la inauguraci\u00f3n de la denominada Ciudad Deportiva de Alto Rendimiento en Pachuca, proyecto que representa una inversi\u00f3n social superior a los 518 millones de pesos.<\/p><p>Durante esta actividad, correspondiente al segundo d\u00eda de trabajo en el estado, se constat\u00f3 la calidad de este complejo moderno e incluyente, dise\u00f1ado para atender a atletas de alto rendimiento, deporte adaptado y a la poblaci\u00f3n en general, con instalaciones especializadas, seguras y accesibles.<\/p><p>Al respecto, la presidenta Claudia Sheinbaum calific\u00f3 las instalaciones de la Ciudad Deportiva como dignas y extraordinarias, pues el complejo contempla m\u00e1s de 20 espacios deportivos, entre canchas especializadas y \u00e1reas multifuncionales, que permitir\u00e1n la pr\u00e1ctica y el desarrollo de m\u00e1s de 35 disciplinas, fortaleciendo la formaci\u00f3n deportiva y promoviendo estilos de vida saludables entre ni\u00f1as, ni\u00f1os, j\u00f3venes y adultos.<\/p><p>Por su parte, Menchaca Salazar subray\u00f3 que este espacio refleja el compromiso conjunto por impulsar el deporte, el esparcimiento y la recuperaci\u00f3n de espacios p\u00fablicos que permanecieron en el abandono durante a\u00f1os.<\/p><p>Asimismo, el titular del Ejecutivo estatal enfatiz\u00f3 que este proyecto posiciona a Hidalgo como una de las entidades que m\u00e1s est\u00e1 apostando por la infraestructura deportiva como motor de desarrollo social, fortaleciendo el tejido comunitario y generando bienestar para las y los hidalguenses.<\/p>\t\t\t\t\t\t<\/div>\n\t\t\t\t<\/div>\n\t\t\t\t\t<\/div>\n\t\t<\/div>\n\t\t\t\t\t\t\t<\/div>\n\t\t<\/section>\n\t\t\t\t\t\t\t<\/div>\n\t\t","protected":false},"excerpt":{"rendered":"<p>&#8211;\u00a0 El gobierno de Hidalgo destin\u00f3 m\u00e1s de 518 mdp, en el complejo Ciudad Deportiva Pachuca, Hgo., 25 de abril de 2026.-En el marco de la gira de trabajo de la presidenta Claudia Sheinbaum Pardo por el estado de Hidalgo, junto con el gobernador Julio Menchaca Salazar, se llev\u00f3 a cabo la inauguraci\u00f3n de la [&hellip;]<\/p>\n","protected":false},"author":1,"featured_media":130708,"comment_status":"closed","ping_status":"closed","sticky":false,"template":"","format":"standard","meta":[],"categories":[9],"tags":[],"_links":{"self":[{"href":"https:\/\/www.septinoticias.com.mx\/index.php?rest_route=\/wp\/v2\/posts\/130706"}],"collection":[{"href":"https:\/\/www.septinoticias.com.mx\/index.php?rest_route=\/wp\/v2\/posts"}],"about":[{"href":"https:\/\/www.septinoticias.com.mx\/index.php?rest_route=\/wp\/v2\/types\/post"}],"author":[{"embeddable":true,"href":"https:\/\/www.septinoticias.com.mx\/index.php?rest_route=\/wp\/v2\/users\/1"}],"replies":[{"embeddable":true,"href":"https:\/\/www.septinoticias.com.mx\/index.php?rest_route=%2Fwp%2Fv2%2Fcomments&post=130706"}],"version-history":[{"count":6,"href":"https:\/\/www.septinoticias.com.mx\/index.php?rest_route=\/wp\/v2\/posts\/130706\/revisions"}],"predecessor-version":[{"id":130721,"href":"https:\/\/www.septinoticias.com.mx\/index.php?rest_route=\/wp\/v2\/posts\/130706\/revisions\/130721"}],"wp:featuredmedia":[{"embeddable":true,"href":"https:\/\/www.septinoticias.com.mx\/index.php?rest_route=\/wp\/v2\/media\/130708"}],"wp:attachment":[{"href":"https:\/\/www.septinoticias.com.mx\/index.php?rest_route=%2Fwp%2Fv2%2Fmedia&parent=130706"}],"wp:term":[{"taxonomy":"category","embeddable":true,"href":"https:\/\/www.septinoticias.com.mx\/index.php?rest_route=%2Fwp%2Fv2%2Fcategories&post=130706"},{"taxonomy":"post_tag","embeddable":true,"href":"https:\/\/www.septinoticias.com.mx\/index.php?rest_route=%2Fwp%2Fv2%2Ftags&post=130706"}],"curies":[{"name":"wp","href":"https:\/\/api.w.org\/{rel}","templated":true}]}}