{"id":117841,"date":"2025-12-06T08:00:03","date_gmt":"2025-12-06T08:00:03","guid":{"rendered":"https:\/\/www.septinoticias.com.mx\/?p=117841"},"modified":"2025-12-06T19:04:17","modified_gmt":"2025-12-06T19:04:17","slug":"hidalgo-participa-en-el-foro-nacional-para-la-reforma-electoral","status":"publish","type":"post","link":"https:\/\/www.septinoticias.com.mx\/?p=117841","title":{"rendered":"Hidalgo Participa en El Foro Nacional Para La Reforma Electoral"},"content":{"rendered":"\t\t<div data-elementor-type=\"wp-post\" data-elementor-id=\"117841\" class=\"elementor elementor-117841\">\n\t\t\t\t\t\t\t\t\t<section class=\"elementor-section elementor-top-section elementor-element elementor-element-20bbcd3b elementor-section-boxed elementor-section-height-default elementor-section-height-default\" data-id=\"20bbcd3b\" data-element_type=\"section\">\n\t\t\t\t\t\t<div class=\"elementor-container elementor-column-gap-default\">\n\t\t\t\t\t<div class=\"elementor-column elementor-col-100 elementor-top-column elementor-element elementor-element-33be02ef\" data-id=\"33be02ef\" data-element_type=\"column\">\n\t\t\t<div class=\"elementor-widget-wrap elementor-element-populated\">\n\t\t\t\t\t\t\t\t<div class=\"elementor-element elementor-element-6c4a91f9 elementor-widget elementor-widget-text-editor\" data-id=\"6c4a91f9\" data-element_type=\"widget\" data-widget_type=\"text-editor.default\">\n\t\t\t\t<div class=\"elementor-widget-container\">\n\t\t\t<style>\/*! elementor - v3.10.1 - 17-01-2023 *\/\n.elementor-widget-text-editor.elementor-drop-cap-view-stacked .elementor-drop-cap{background-color:#818a91;color:#fff}.elementor-widget-text-editor.elementor-drop-cap-view-framed .elementor-drop-cap{color:#818a91;border:3px solid;background-color:transparent}.elementor-widget-text-editor:not(.elementor-drop-cap-view-default) .elementor-drop-cap{margin-top:8px}.elementor-widget-text-editor:not(.elementor-drop-cap-view-default) .elementor-drop-cap-letter{width:1em;height:1em}.elementor-widget-text-editor .elementor-drop-cap{float:left;text-align:center;line-height:1;font-size:50px}.elementor-widget-text-editor .elementor-drop-cap-letter{display:inline-block}<\/style>\t\t\t\t<p><strong>-El Foro Nacional reuni\u00f3 voces especializadas que contribuir\u00e1n al an\u00e1lisis de los posibles ajustes al sistema electoral mexicano.<\/strong><\/p><p><strong>Pachuca, Hgo., 5 de diciembre de 2025.-<\/strong>En representaci\u00f3n del titular del Gobierno de Hidalgo, Julio Menchaca Salazar, el secretario t\u00e9cnico del Despacho del Gobernador, Enrique L\u00f3pez Rivera, acompa\u00f1\u00f3 el Foro Nacional sobre la Reforma Electoral, ejercicio coordinado por la Comisi\u00f3n Presidencial para la Reforma Electoral y orientado a promover un an\u00e1lisis plural y responsable sobre los posibles ajustes al marco normativo en la materia.<\/p><p>Durante este encuentro se presentaron 25 ponencias por parte de acad\u00e9micas y acad\u00e9micos, integrantes de la sociedad civil, representantes del Instituto Estatal Electoral de Hidalgo, as\u00ed como legisladoras y legisladores locales y federales.<\/p><p>En su intervenci\u00f3n, Enrique L\u00f3pez Rivera destac\u00f3 que la democracia es un organismo vivo que debe evolucionar conforme a los nuevos tiempos. Subray\u00f3 que \u201cM\u00e9xico necesita procesos electorales que sean austeros, eficientes y, sobre todo, confiables\u201d.<\/p><p>Asimismo, enfatiz\u00f3 que las reformas se fortalecen cuando surgen de la deliberaci\u00f3n p\u00fablica: \u201cLas leyes no nacen en la soledad de un escritorio; nacen en el debate, en la pluralidad y escuchando a quienes viven la realidad todos los d\u00edas\u201d.<\/p><p>Por su parte, Jos\u00e9 Antonio Pe\u00f1a Merino, titular de la Agencia de Transformaci\u00f3n Digital e integrante de la Comisi\u00f3n Presidencial para la Reforma Electoral, reiter\u00f3 que la instrucci\u00f3n de la presidenta Claudia Sheinbaum es llevar estos ejercicios de escucha abierta a todas las entidades federativas, con el prop\u00f3sito de construir una reforma electoral robusta, incluyente y acorde a las necesidades del pa\u00eds.<\/p>\t\t\t\t\t\t<\/div>\n\t\t\t\t<\/div>\n\t\t\t\t\t<\/div>\n\t\t<\/div>\n\t\t\t\t\t\t\t<\/div>\n\t\t<\/section>\n\t\t\t\t\t\t\t<\/div>\n\t\t","protected":false},"excerpt":{"rendered":"<p>-El Foro Nacional reuni\u00f3 voces especializadas que contribuir\u00e1n al an\u00e1lisis de los posibles ajustes al sistema electoral mexicano. Pachuca, Hgo., 5 de diciembre de 2025.-En representaci\u00f3n del titular del Gobierno de Hidalgo, Julio Menchaca Salazar, el secretario t\u00e9cnico del Despacho del Gobernador, Enrique L\u00f3pez Rivera, acompa\u00f1\u00f3 el Foro Nacional sobre la Reforma Electoral, ejercicio coordinado [&hellip;]<\/p>\n","protected":false},"author":1,"featured_media":117843,"comment_status":"closed","ping_status":"closed","sticky":false,"template":"","format":"standard","meta":[],"categories":[9],"tags":[],"_links":{"self":[{"href":"https:\/\/www.septinoticias.com.mx\/index.php?rest_route=\/wp\/v2\/posts\/117841"}],"collection":[{"href":"https:\/\/www.septinoticias.com.mx\/index.php?rest_route=\/wp\/v2\/posts"}],"about":[{"href":"https:\/\/www.septinoticias.com.mx\/index.php?rest_route=\/wp\/v2\/types\/post"}],"author":[{"embeddable":true,"href":"https:\/\/www.septinoticias.com.mx\/index.php?rest_route=\/wp\/v2\/users\/1"}],"replies":[{"embeddable":true,"href":"https:\/\/www.septinoticias.com.mx\/index.php?rest_route=%2Fwp%2Fv2%2Fcomments&post=117841"}],"version-history":[{"count":4,"href":"https:\/\/www.septinoticias.com.mx\/index.php?rest_route=\/wp\/v2\/posts\/117841\/revisions"}],"predecessor-version":[{"id":117846,"href":"https:\/\/www.septinoticias.com.mx\/index.php?rest_route=\/wp\/v2\/posts\/117841\/revisions\/117846"}],"wp:featuredmedia":[{"embeddable":true,"href":"https:\/\/www.septinoticias.com.mx\/index.php?rest_route=\/wp\/v2\/media\/117843"}],"wp:attachment":[{"href":"https:\/\/www.septinoticias.com.mx\/index.php?rest_route=%2Fwp%2Fv2%2Fmedia&parent=117841"}],"wp:term":[{"taxonomy":"category","embeddable":true,"href":"https:\/\/www.septinoticias.com.mx\/index.php?rest_route=%2Fwp%2Fv2%2Fcategories&post=117841"},{"taxonomy":"post_tag","embeddable":true,"href":"https:\/\/www.septinoticias.com.mx\/index.php?rest_route=%2Fwp%2Fv2%2Ftags&post=117841"}],"curies":[{"name":"wp","href":"https:\/\/api.w.org\/{rel}","templated":true}]}}