{"id":117829,"date":"2025-12-06T07:57:32","date_gmt":"2025-12-06T07:57:32","guid":{"rendered":"https:\/\/www.septinoticias.com.mx\/?p=117829"},"modified":"2025-12-06T18:59:02","modified_gmt":"2025-12-06T18:59:02","slug":"defenderemos-a-mexico-y-a-migrantes-asegura-sheinbaum-desde-washington","status":"publish","type":"post","link":"https:\/\/www.septinoticias.com.mx\/?p=117829","title":{"rendered":"\u201cDefenderemos a M\u00e9xico y a migrantes\u201d Asegura Sheinbaum desde Washington"},"content":{"rendered":"\t\t<div data-elementor-type=\"wp-post\" data-elementor-id=\"117829\" class=\"elementor elementor-117829\">\n\t\t\t\t\t\t\t\t\t<section class=\"elementor-section elementor-top-section elementor-element elementor-element-20bbcd3b elementor-section-boxed elementor-section-height-default elementor-section-height-default\" data-id=\"20bbcd3b\" data-element_type=\"section\">\n\t\t\t\t\t\t<div class=\"elementor-container elementor-column-gap-default\">\n\t\t\t\t\t<div class=\"elementor-column elementor-col-100 elementor-top-column elementor-element elementor-element-33be02ef\" data-id=\"33be02ef\" data-element_type=\"column\">\n\t\t\t<div class=\"elementor-widget-wrap elementor-element-populated\">\n\t\t\t\t\t\t\t\t<div class=\"elementor-element elementor-element-6c4a91f9 elementor-widget elementor-widget-text-editor\" data-id=\"6c4a91f9\" data-element_type=\"widget\" data-widget_type=\"text-editor.default\">\n\t\t\t\t<div class=\"elementor-widget-container\">\n\t\t\t<style>\/*! elementor - v3.10.1 - 17-01-2023 *\/\n.elementor-widget-text-editor.elementor-drop-cap-view-stacked .elementor-drop-cap{background-color:#818a91;color:#fff}.elementor-widget-text-editor.elementor-drop-cap-view-framed .elementor-drop-cap{color:#818a91;border:3px solid;background-color:transparent}.elementor-widget-text-editor:not(.elementor-drop-cap-view-default) .elementor-drop-cap{margin-top:8px}.elementor-widget-text-editor:not(.elementor-drop-cap-view-default) .elementor-drop-cap-letter{width:1em;height:1em}.elementor-widget-text-editor .elementor-drop-cap{float:left;text-align:center;line-height:1;font-size:50px}.elementor-widget-text-editor .elementor-drop-cap-letter{display:inline-block}<\/style>\t\t\t\t<p><strong>Washington D.C. 5 de diciembre 2025.-<\/strong> Claudia Sheinbaum encabez\u00f3 en Washington encuentro con la comunidad mexicana; reafirm\u00f3 la defensa de hermanas y hermanos migrantes. Avanzan las acciones para mejorar los consulados. \u201cSomos trabajadores, gente honesta y queremos un buen trato para mexicanas y mexicanos que viven en Estados Unidos\u201d.<\/p><p>Claudia Sheinbaum reconoci\u00f3 ante los connacionales que no han sido tiempos f\u00e1ciles por la pol\u00edtica migratoria que prevalece en Estados Unidos<\/p><p>Tras reunirse con el presidente de EU, Donald Trump, y con el primer ministro de Canad\u00e1, Mark Carney, la presidenta de M\u00e9xico, Claudia Sheinbaum, se dirigi\u00f3 al Instituto Cultural Mexicano en la capital estadunidense, donde fue recibida con m\u00fasica de mariachi por connacionales residentes en Washington.<\/p><p>En este marco, reconoci\u00f3 ante los connacionales que no han sido tiempos f\u00e1ciles por la pol\u00edtica migratoria que prevalece en Estados Unidos: \u201cyo espero que poco a poco se vayan asentando las cosas. S\u00e9 que no ha sido f\u00e1cil para ustedes en los \u00faltimos tiempos. S\u00e9 que la han pasado dif\u00edcil y lo que hemos buscado es mejorar el consulado. Por favor h\u00e1ganos saber todo lo que sigue mal lo que sienten que no est\u00e1 funcionando bien nuestro inter\u00e9s es que los consulados no solamente ayudan a las y a los mexicanos a todo lo que tiene que ver con tr\u00e1mites y otras cuestiones que son necesarios\u201d.<\/p><p>Dijo que su instrucci\u00f3n es que los consulados se conviertan en espacios para apoyar a los connacionales para que se \u201csientan abrazados por los c\u00f3nsules\u201d. Se est\u00e1 tratando que mejoren su funcionamiento pero tambi\u00e9n admiti\u00f3 que debe hacerse mejores esfuerzos.<\/p><p>Adem\u00e1s, la presidenta hizo un reconocimiento al papel de los mexicanos en Estados Unidos, pues su aportaci\u00f3n es fundamental para lo que es este pa\u00eds. Adem\u00e1s, millones de mexicanos mantienen el apoyo a sus familias lo cual es algo que \u201cagradecemos mucho y siempre vamos a estar en contacto defendi\u00e9ndolos y defendiendo a M\u00e9xico en cualquier lugar que estemos porque somos un pa\u00eds extraordinario\u201d.<\/p><p>Durante el encuentro con los paisanos dio cuenta de la evoluci\u00f3n social que ha tenido nuestro pa\u00eds con las modificaciones sustanciales en las pol\u00edticas sociales y salarial que se han instrumentado desde la llegada de su movimiento al Poder Ejecutivo con Andr\u00e9s Manuel L\u00f3pez Obrador. Dijo que al cierre del 2025 se puede asegurar que \u201ctodo va bastante bien\u201d con los incrementos sostenidos en el salario m\u00ednimo, refiriendo que el \u00faltimo que se otorg\u00f3 es de 13 por ciento para 2026, con lo cual desde 2019 a la fecha registra ya un incremento acumulado de 159 por ciento.<\/p><p>\u201cEs algo \u00fanico porque durante 36 a\u00f1os -del periodo neoliberal \u2013 el salario m\u00ednimo no aument\u00f3 y eso repercuti\u00f3 en entre otras cosas en un en un aumento de la pobreza en el pa\u00eds de la desigualdad que lleg\u00f3 a muchos mexicanos y mexicanas a migrar a los Estados Unidos\u201d, asever\u00f3 Sheinbaum.<\/p><p>Sin embargo, alert\u00f3 ante los connacionales que estos datos concretos contrastan con la intensa campa\u00f1a en contra de su gobierno en redes sociales por parte de la oposici\u00f3n de la derecha que \u201cpor distintos mecanismos de compra de cuentas de voz de influencer y distintas plataformas, pues han hecho que con dinero se hagan tendencias en las redes sociales. Hemos tenido una ofensiva muy grande que en realidad est\u00e1 organizada desde no solamente nuestro pa\u00eds desde M\u00e9xico, sino tambi\u00e9n vinculada con much\u00edsimos grupos de ultraderecha del mundo entero\u201d.<\/p><p>Sin embargo, Sheinbaum consider\u00f3 que estas campa\u00f1as en realidad no han hecho mucha mella pues la m\u00e1s reciente encuesta es de 74 por ciento de aprobaci\u00f3n. Subray\u00f3 que lo importante es que los connacionales que residen en Estados Unidos se mantengan bien informados para que nos ayuden a nivel internacional a que propale lo que realmente est\u00e1 ocurriendo en M\u00e9xico.<\/p>\t\t\t\t\t\t<\/div>\n\t\t\t\t<\/div>\n\t\t\t\t\t<\/div>\n\t\t<\/div>\n\t\t\t\t\t\t\t<\/div>\n\t\t<\/section>\n\t\t\t\t\t\t\t<\/div>\n\t\t","protected":false},"excerpt":{"rendered":"<p>Washington D.C. 5 de diciembre 2025.- Claudia Sheinbaum encabez\u00f3 en Washington encuentro con la comunidad mexicana; reafirm\u00f3 la defensa de hermanas y hermanos migrantes. Avanzan las acciones para mejorar los consulados. \u201cSomos trabajadores, gente honesta y queremos un buen trato para mexicanas y mexicanos que viven en Estados Unidos\u201d. Claudia Sheinbaum reconoci\u00f3 ante los connacionales [&hellip;]<\/p>\n","protected":false},"author":1,"featured_media":117831,"comment_status":"closed","ping_status":"closed","sticky":false,"template":"","format":"standard","meta":[],"categories":[8],"tags":[],"_links":{"self":[{"href":"https:\/\/www.septinoticias.com.mx\/index.php?rest_route=\/wp\/v2\/posts\/117829"}],"collection":[{"href":"https:\/\/www.septinoticias.com.mx\/index.php?rest_route=\/wp\/v2\/posts"}],"about":[{"href":"https:\/\/www.septinoticias.com.mx\/index.php?rest_route=\/wp\/v2\/types\/post"}],"author":[{"embeddable":true,"href":"https:\/\/www.septinoticias.com.mx\/index.php?rest_route=\/wp\/v2\/users\/1"}],"replies":[{"embeddable":true,"href":"https:\/\/www.septinoticias.com.mx\/index.php?rest_route=%2Fwp%2Fv2%2Fcomments&post=117829"}],"version-history":[{"count":4,"href":"https:\/\/www.septinoticias.com.mx\/index.php?rest_route=\/wp\/v2\/posts\/117829\/revisions"}],"predecessor-version":[{"id":117834,"href":"https:\/\/www.septinoticias.com.mx\/index.php?rest_route=\/wp\/v2\/posts\/117829\/revisions\/117834"}],"wp:featuredmedia":[{"embeddable":true,"href":"https:\/\/www.septinoticias.com.mx\/index.php?rest_route=\/wp\/v2\/media\/117831"}],"wp:attachment":[{"href":"https:\/\/www.septinoticias.com.mx\/index.php?rest_route=%2Fwp%2Fv2%2Fmedia&parent=117829"}],"wp:term":[{"taxonomy":"category","embeddable":true,"href":"https:\/\/www.septinoticias.com.mx\/index.php?rest_route=%2Fwp%2Fv2%2Fcategories&post=117829"},{"taxonomy":"post_tag","embeddable":true,"href":"https:\/\/www.septinoticias.com.mx\/index.php?rest_route=%2Fwp%2Fv2%2Ftags&post=117829"}],"curies":[{"name":"wp","href":"https:\/\/api.w.org\/{rel}","templated":true}]}}