{"id":117823,"date":"2025-12-06T07:56:13","date_gmt":"2025-12-06T07:56:13","guid":{"rendered":"https:\/\/www.septinoticias.com.mx\/?p=117823"},"modified":"2025-12-06T18:57:21","modified_gmt":"2025-12-06T18:57:21","slug":"canada-reacciona-con-cautela-a-amenazas-de-trump-no-podemos-controlarlo","status":"publish","type":"post","link":"https:\/\/www.septinoticias.com.mx\/?p=117823","title":{"rendered":"Canad\u00e1 reacciona con cautela a amenazas de Trump: &#8220;No podemos controlarlo&#8221;"},"content":{"rendered":"\t\t<div data-elementor-type=\"wp-post\" data-elementor-id=\"117823\" class=\"elementor elementor-117823\">\n\t\t\t\t\t\t\t\t\t<section class=\"elementor-section elementor-top-section elementor-element elementor-element-20bbcd3b elementor-section-boxed elementor-section-height-default elementor-section-height-default\" data-id=\"20bbcd3b\" data-element_type=\"section\">\n\t\t\t\t\t\t<div class=\"elementor-container elementor-column-gap-default\">\n\t\t\t\t\t<div class=\"elementor-column elementor-col-100 elementor-top-column elementor-element elementor-element-33be02ef\" data-id=\"33be02ef\" data-element_type=\"column\">\n\t\t\t<div class=\"elementor-widget-wrap elementor-element-populated\">\n\t\t\t\t\t\t\t\t<div class=\"elementor-element elementor-element-6c4a91f9 elementor-widget elementor-widget-text-editor\" data-id=\"6c4a91f9\" data-element_type=\"widget\" data-widget_type=\"text-editor.default\">\n\t\t\t\t<div class=\"elementor-widget-container\">\n\t\t\t<style>\/*! elementor - v3.10.1 - 17-01-2023 *\/\n.elementor-widget-text-editor.elementor-drop-cap-view-stacked .elementor-drop-cap{background-color:#818a91;color:#fff}.elementor-widget-text-editor.elementor-drop-cap-view-framed .elementor-drop-cap{color:#818a91;border:3px solid;background-color:transparent}.elementor-widget-text-editor:not(.elementor-drop-cap-view-default) .elementor-drop-cap{margin-top:8px}.elementor-widget-text-editor:not(.elementor-drop-cap-view-default) .elementor-drop-cap-letter{width:1em;height:1em}.elementor-widget-text-editor .elementor-drop-cap{float:left;text-align:center;line-height:1;font-size:50px}.elementor-widget-text-editor .elementor-drop-cap-letter{display:inline-block}<\/style>\t\t\t\t<p><strong>Washington D.C. 5 de diciembre 2025.-<\/strong> El primer ministro de Canad\u00e1, Mark Carney, afirm\u00f3 este martes -en su mensaje para conmemorar el D\u00eda de los Veteranos- que la soberan\u00eda y seguridad de su pa\u00eds &#8220;no est\u00e1n garantizadas&#8221; y que el mundo &#8220;es cada vez m\u00e1s peligroso&#8221;.<\/p><p>&#8220;En un mundo cada vez m\u00e1s peligroso y dividido, el recuerdo tambi\u00e9n es vigilancia. Nuestra soberan\u00eda y nuestra seguridad, y la de nuestros aliados, no est\u00e1n garantizadas. Las mujeres y los hombres de las Fuerzas Armadas Canadienses las protegen cada d\u00eda&#8221;, declar\u00f3 Carney en un comunicado.<\/p><p>Canad\u00e1 reacciona con cautela a amenazas de Trump: &#8220;No podemos controlarlo&#8221;<\/p><p>Trump proh\u00edbe a los canadienses acceder a biblioteca binacional: &#8220;es el fin&#8221;<\/p><p>Este a\u00f1o, el D\u00eda de los Veteranos est\u00e1 marcado por las amenazas a la soberan\u00eda canadiense que el presidente de Estados Unidos, Donald Trump, ha lanzado de forma peri\u00f3dica desde que gan\u00f3 las elecciones presidenciales en noviembre de 2024.<\/p><p>Trump ha indicado que querr\u00eda que Canad\u00e1 se convirtiera en el estado 51 de Estados Unidos y lleg\u00f3 a afirmar que podr\u00eda utilizar la fuerza econ\u00f3mica para anexionar el pa\u00eds, lo que ha provocado un resurgimiento del sentimiento nacionalista entre la poblaci\u00f3n canadiense.<\/p>\t\t\t\t\t\t<\/div>\n\t\t\t\t<\/div>\n\t\t\t\t\t<\/div>\n\t\t<\/div>\n\t\t\t\t\t\t\t<\/div>\n\t\t<\/section>\n\t\t\t\t\t\t\t<\/div>\n\t\t","protected":false},"excerpt":{"rendered":"<p>Washington D.C. 5 de diciembre 2025.- El primer ministro de Canad\u00e1, Mark Carney, afirm\u00f3 este martes -en su mensaje para conmemorar el D\u00eda de los Veteranos- que la soberan\u00eda y seguridad de su pa\u00eds &#8220;no est\u00e1n garantizadas&#8221; y que el mundo &#8220;es cada vez m\u00e1s peligroso&#8221;. &#8220;En un mundo cada vez m\u00e1s peligroso y dividido, [&hellip;]<\/p>\n","protected":false},"author":1,"featured_media":117825,"comment_status":"closed","ping_status":"closed","sticky":false,"template":"","format":"standard","meta":[],"categories":[8],"tags":[],"_links":{"self":[{"href":"https:\/\/www.septinoticias.com.mx\/index.php?rest_route=\/wp\/v2\/posts\/117823"}],"collection":[{"href":"https:\/\/www.septinoticias.com.mx\/index.php?rest_route=\/wp\/v2\/posts"}],"about":[{"href":"https:\/\/www.septinoticias.com.mx\/index.php?rest_route=\/wp\/v2\/types\/post"}],"author":[{"embeddable":true,"href":"https:\/\/www.septinoticias.com.mx\/index.php?rest_route=\/wp\/v2\/users\/1"}],"replies":[{"embeddable":true,"href":"https:\/\/www.septinoticias.com.mx\/index.php?rest_route=%2Fwp%2Fv2%2Fcomments&post=117823"}],"version-history":[{"count":4,"href":"https:\/\/www.septinoticias.com.mx\/index.php?rest_route=\/wp\/v2\/posts\/117823\/revisions"}],"predecessor-version":[{"id":117828,"href":"https:\/\/www.septinoticias.com.mx\/index.php?rest_route=\/wp\/v2\/posts\/117823\/revisions\/117828"}],"wp:featuredmedia":[{"embeddable":true,"href":"https:\/\/www.septinoticias.com.mx\/index.php?rest_route=\/wp\/v2\/media\/117825"}],"wp:attachment":[{"href":"https:\/\/www.septinoticias.com.mx\/index.php?rest_route=%2Fwp%2Fv2%2Fmedia&parent=117823"}],"wp:term":[{"taxonomy":"category","embeddable":true,"href":"https:\/\/www.septinoticias.com.mx\/index.php?rest_route=%2Fwp%2Fv2%2Fcategories&post=117823"},{"taxonomy":"post_tag","embeddable":true,"href":"https:\/\/www.septinoticias.com.mx\/index.php?rest_route=%2Fwp%2Fv2%2Ftags&post=117823"}],"curies":[{"name":"wp","href":"https:\/\/api.w.org\/{rel}","templated":true}]}}