{"id":117813,"date":"2025-12-06T07:52:48","date_gmt":"2025-12-06T07:52:48","guid":{"rendered":"https:\/\/www.septinoticias.com.mx\/?p=117813"},"modified":"2025-12-06T18:56:09","modified_gmt":"2025-12-06T18:56:09","slug":"estamos-orgullosos-y-orgullosas-de-recibir-por-tercera-vez-la-copa-mundial-tenemos-un-pueblo-extraordinario-presidenta-claudia-sheinbaum-en-sorteo-fifa-2026","status":"publish","type":"post","link":"https:\/\/www.septinoticias.com.mx\/?p=117813","title":{"rendered":"Estamos Orgullosos y Orgullosas de Recibir Por Tercera Vez La Copa Mundial. Tenemos Un Pueblo Extraordinario: Presidenta Claudia Sheinbaum en Sorteo Fifa 2026"},"content":{"rendered":"\t\t<div data-elementor-type=\"wp-post\" data-elementor-id=\"117813\" class=\"elementor elementor-117813\">\n\t\t\t\t\t\t\t\t\t<section class=\"elementor-section elementor-top-section elementor-element elementor-element-20bbcd3b elementor-section-boxed elementor-section-height-default elementor-section-height-default\" data-id=\"20bbcd3b\" data-element_type=\"section\">\n\t\t\t\t\t\t<div class=\"elementor-container elementor-column-gap-default\">\n\t\t\t\t\t<div class=\"elementor-column elementor-col-100 elementor-top-column elementor-element elementor-element-33be02ef\" data-id=\"33be02ef\" data-element_type=\"column\">\n\t\t\t<div class=\"elementor-widget-wrap elementor-element-populated\">\n\t\t\t\t\t\t\t\t<div class=\"elementor-element elementor-element-6c4a91f9 elementor-widget elementor-widget-text-editor\" data-id=\"6c4a91f9\" data-element_type=\"widget\" data-widget_type=\"text-editor.default\">\n\t\t\t\t<div class=\"elementor-widget-container\">\n\t\t\t<style>\/*! elementor - v3.10.1 - 17-01-2023 *\/\n.elementor-widget-text-editor.elementor-drop-cap-view-stacked .elementor-drop-cap{background-color:#818a91;color:#fff}.elementor-widget-text-editor.elementor-drop-cap-view-framed .elementor-drop-cap{color:#818a91;border:3px solid;background-color:transparent}.elementor-widget-text-editor:not(.elementor-drop-cap-view-default) .elementor-drop-cap{margin-top:8px}.elementor-widget-text-editor:not(.elementor-drop-cap-view-default) .elementor-drop-cap-letter{width:1em;height:1em}.elementor-widget-text-editor .elementor-drop-cap{float:left;text-align:center;line-height:1;font-size:50px}.elementor-widget-text-editor .elementor-drop-cap-letter{display:inline-block}<\/style>\t\t\t\t<p><strong>Washington, D. C., Estados Unidos, 5 de diciembre de 2025.-<\/strong> La Presidenta de M\u00e9xico, Claudia Sheinbaum Pardo, particip\u00f3 en el Sorteo Copa Mundial FIFA 2026 en el que se defini\u00f3 que la Selecci\u00f3n Mexicana ser\u00e1 cabeza de serie del Grupo A y jugar\u00e1 contra las selecciones de Sud\u00e1frica, Corea del Sur y el ganador de la eliminatoria de repechaje entre Dinamarca, Irlanda, Macedonia del Norte y Rep\u00fablica Checa.<\/p><p>\u201cEstamos orgullosos, orgullosas, de recibir por tercera vez la Copa Mundial. M\u00e9xico es un pa\u00eds extraordinario, bello, m\u00e1gico, y millones visitar\u00e1n nuestra naci\u00f3n. Adem\u00e1s, quiero decirles que tenemos un pueblo extraordinario, trabajador, y algo especial: Nosotros disfrutamos del juego de pelota desde tiempos ancestrales\u201d, destac\u00f3 en el evento que se celebr\u00f3 en el Centro Kennedy de Washington, D. C., Estados Unidos.<\/p><p>En el sorteo estuvieron presentes los mandatarios de los tres pa\u00edses anfitriones de la justa mundialista: el presidente de Estados Unidos, Donald Trump, y el primer ministro de Canad\u00e1, Mark Carney.<\/p><p>M\u00e9xico \u2014primer pa\u00eds en la historia en ser por tercera ocasi\u00f3n sede de un mundial\u2014 albergar\u00e1 trece encuentros en la Ciudad de M\u00e9xico, en Guadalajara, Jalisco y en Monterrey, Nuevo Le\u00f3n, entre ellos, el partido inaugural de la competici\u00f3n entre M\u00e9xico y Sud\u00e1frica, que se disputar\u00e1 el jueves 11 de junio de 2026 en el Estadio Ciudad de M\u00e9xico, convirti\u00e9ndose en el \u00fanico estadio en ser sede de tres aperturas mundialistas.<\/p><p>La Copa Mundial de la FIFA 2026, que se disputar\u00e1 en M\u00e9xico, Estados Unidos y Canad\u00e1, ser\u00e1 la primera en la historia en la que participar\u00e1n 48 selecciones nacionales en un formato de 12 grupos de cuatro equipos.<\/p><p>Adem\u00e1s, en M\u00e9xico se llevar\u00e1 a cabo el Mundial Social 2026, a trav\u00e9s de 177 Fiestas M\u00e9xico 2026; 5 mil actividades y rutas; la realizaci\u00f3n de tres R\u00e9cords Guinness; acciones dentro del programa Nuestra grandeza cultural; 74 Mundialitos y copas de distintas categor\u00edas; mil 483 actividades de Vive saludable, juega feliz; un mundialito de rob\u00f3tica; 4 mil 208 recuperaciones de canchas y rescate de espacios p\u00fablicos; as\u00ed como 10 mil 631 murales de arte urbano.<\/p>\t\t\t\t\t\t<\/div>\n\t\t\t\t<\/div>\n\t\t\t\t\t<\/div>\n\t\t<\/div>\n\t\t\t\t\t\t\t<\/div>\n\t\t<\/section>\n\t\t\t\t\t\t\t<\/div>\n\t\t","protected":false},"excerpt":{"rendered":"<p>Washington, D. C., Estados Unidos, 5 de diciembre de 2025.- La Presidenta de M\u00e9xico, Claudia Sheinbaum Pardo, particip\u00f3 en el Sorteo Copa Mundial FIFA 2026 en el que se defini\u00f3 que la Selecci\u00f3n Mexicana ser\u00e1 cabeza de serie del Grupo A y jugar\u00e1 contra las selecciones de Sud\u00e1frica, Corea del Sur y el ganador de [&hellip;]<\/p>\n","protected":false},"author":1,"featured_media":117819,"comment_status":"closed","ping_status":"closed","sticky":false,"template":"","format":"standard","meta":[],"categories":[6],"tags":[],"_links":{"self":[{"href":"https:\/\/www.septinoticias.com.mx\/index.php?rest_route=\/wp\/v2\/posts\/117813"}],"collection":[{"href":"https:\/\/www.septinoticias.com.mx\/index.php?rest_route=\/wp\/v2\/posts"}],"about":[{"href":"https:\/\/www.septinoticias.com.mx\/index.php?rest_route=\/wp\/v2\/types\/post"}],"author":[{"embeddable":true,"href":"https:\/\/www.septinoticias.com.mx\/index.php?rest_route=\/wp\/v2\/users\/1"}],"replies":[{"embeddable":true,"href":"https:\/\/www.septinoticias.com.mx\/index.php?rest_route=%2Fwp%2Fv2%2Fcomments&post=117813"}],"version-history":[{"count":7,"href":"https:\/\/www.septinoticias.com.mx\/index.php?rest_route=\/wp\/v2\/posts\/117813\/revisions"}],"predecessor-version":[{"id":117822,"href":"https:\/\/www.septinoticias.com.mx\/index.php?rest_route=\/wp\/v2\/posts\/117813\/revisions\/117822"}],"wp:featuredmedia":[{"embeddable":true,"href":"https:\/\/www.septinoticias.com.mx\/index.php?rest_route=\/wp\/v2\/media\/117819"}],"wp:attachment":[{"href":"https:\/\/www.septinoticias.com.mx\/index.php?rest_route=%2Fwp%2Fv2%2Fmedia&parent=117813"}],"wp:term":[{"taxonomy":"category","embeddable":true,"href":"https:\/\/www.septinoticias.com.mx\/index.php?rest_route=%2Fwp%2Fv2%2Fcategories&post=117813"},{"taxonomy":"post_tag","embeddable":true,"href":"https:\/\/www.septinoticias.com.mx\/index.php?rest_route=%2Fwp%2Fv2%2Ftags&post=117813"}],"curies":[{"name":"wp","href":"https:\/\/api.w.org\/{rel}","templated":true}]}}