{"id":117801,"date":"2025-12-06T07:50:22","date_gmt":"2025-12-06T07:50:22","guid":{"rendered":"https:\/\/www.septinoticias.com.mx\/?p=117801"},"modified":"2025-12-06T18:51:14","modified_gmt":"2025-12-06T18:51:14","slug":"propicia-imss-hidalgo-capacitacion-continua-en-dia-del-quimico","status":"publish","type":"post","link":"https:\/\/www.septinoticias.com.mx\/?p=117801","title":{"rendered":"Propicia IMSS Hidalgo capacitaci\u00f3n continua en D\u00eda del Qu\u00edmico"},"content":{"rendered":"\t\t<div data-elementor-type=\"wp-post\" data-elementor-id=\"117801\" class=\"elementor elementor-117801\">\n\t\t\t\t\t\t\t\t\t<section class=\"elementor-section elementor-top-section elementor-element elementor-element-20bbcd3b elementor-section-boxed elementor-section-height-default elementor-section-height-default\" data-id=\"20bbcd3b\" data-element_type=\"section\">\n\t\t\t\t\t\t<div class=\"elementor-container elementor-column-gap-default\">\n\t\t\t\t\t<div class=\"elementor-column elementor-col-100 elementor-top-column elementor-element elementor-element-33be02ef\" data-id=\"33be02ef\" data-element_type=\"column\">\n\t\t\t<div class=\"elementor-widget-wrap elementor-element-populated\">\n\t\t\t\t\t\t\t\t<div class=\"elementor-element elementor-element-6c4a91f9 elementor-widget elementor-widget-text-editor\" data-id=\"6c4a91f9\" data-element_type=\"widget\" data-widget_type=\"text-editor.default\">\n\t\t\t\t<div class=\"elementor-widget-container\">\n\t\t\t<style>\/*! elementor - v3.10.1 - 17-01-2023 *\/\n.elementor-widget-text-editor.elementor-drop-cap-view-stacked .elementor-drop-cap{background-color:#818a91;color:#fff}.elementor-widget-text-editor.elementor-drop-cap-view-framed .elementor-drop-cap{color:#818a91;border:3px solid;background-color:transparent}.elementor-widget-text-editor:not(.elementor-drop-cap-view-default) .elementor-drop-cap{margin-top:8px}.elementor-widget-text-editor:not(.elementor-drop-cap-view-default) .elementor-drop-cap-letter{width:1em;height:1em}.elementor-widget-text-editor .elementor-drop-cap{float:left;text-align:center;line-height:1;font-size:50px}.elementor-widget-text-editor .elementor-drop-cap-letter{display:inline-block}<\/style>\t\t\t\t<p><strong>Pachuca, Hgo., 5 de diciembre de 2025.-<\/strong>El Instituto Mexicano del Seguro Social (IMSS) en Hidalgo reconoci\u00f3 la labor fundamental que realizan las y los qu\u00edmicos en el diagn\u00f3stico cl\u00ednico y la atenci\u00f3n integral de la poblaci\u00f3n derechohabiente, al conmemorar el D\u00eda del Qu\u00edmico con actividades acad\u00e9micas orientadas a fortalecer sus competencias profesionales. Su trabajo resulta esencial para confirmar enfermedades, apoyar tratamientos y garantizar la precisi\u00f3n de los estudios que diariamente respaldan las decisiones m\u00e9dicas.<\/p><p>Como parte de esta celebraci\u00f3n, el IMSS en Hidalgo llev\u00f3 a cabo el 4\u00ba Ciclo de Conferencias de Laboratorio Cl\u00ednico, espacio en el que especialistas abordaron temas como marcadores inflamatorios, errores innatos del metabolismo, salud reproductiva, intoxicaciones, interpretaci\u00f3n molecular, IA en el laboratorio y nuevas aplicaciones de biomarcadores en emergencias. Estas sesiones permitieron actualizar conocimientos y compartir experiencias que contribuyen a mejorar la calidad del servicio.<\/p><p>La instituci\u00f3n incentiva la formaci\u00f3n continua del personal qu\u00edmico mediante programas acad\u00e9micos, talleres especializados y espacios de intercambio cient\u00edfico que fortalecen su desempe\u00f1o para garantizar estudios confiables y una atenci\u00f3n m\u00e1s segura y eficiente para la poblaci\u00f3n hidalguense.<\/p>\t\t\t\t\t\t<\/div>\n\t\t\t\t<\/div>\n\t\t\t\t\t<\/div>\n\t\t<\/div>\n\t\t\t\t\t\t\t<\/div>\n\t\t<\/section>\n\t\t\t\t\t\t\t<\/div>\n\t\t","protected":false},"excerpt":{"rendered":"<p>Pachuca, Hgo., 5 de diciembre de 2025.-El Instituto Mexicano del Seguro Social (IMSS) en Hidalgo reconoci\u00f3 la labor fundamental que realizan las y los qu\u00edmicos en el diagn\u00f3stico cl\u00ednico y la atenci\u00f3n integral de la poblaci\u00f3n derechohabiente, al conmemorar el D\u00eda del Qu\u00edmico con actividades acad\u00e9micas orientadas a fortalecer sus competencias profesionales. Su trabajo resulta [&hellip;]<\/p>\n","protected":false},"author":1,"featured_media":117803,"comment_status":"closed","ping_status":"closed","sticky":false,"template":"","format":"standard","meta":[],"categories":[3],"tags":[],"_links":{"self":[{"href":"https:\/\/www.septinoticias.com.mx\/index.php?rest_route=\/wp\/v2\/posts\/117801"}],"collection":[{"href":"https:\/\/www.septinoticias.com.mx\/index.php?rest_route=\/wp\/v2\/posts"}],"about":[{"href":"https:\/\/www.septinoticias.com.mx\/index.php?rest_route=\/wp\/v2\/types\/post"}],"author":[{"embeddable":true,"href":"https:\/\/www.septinoticias.com.mx\/index.php?rest_route=\/wp\/v2\/users\/1"}],"replies":[{"embeddable":true,"href":"https:\/\/www.septinoticias.com.mx\/index.php?rest_route=%2Fwp%2Fv2%2Fcomments&post=117801"}],"version-history":[{"count":4,"href":"https:\/\/www.septinoticias.com.mx\/index.php?rest_route=\/wp\/v2\/posts\/117801\/revisions"}],"predecessor-version":[{"id":117806,"href":"https:\/\/www.septinoticias.com.mx\/index.php?rest_route=\/wp\/v2\/posts\/117801\/revisions\/117806"}],"wp:featuredmedia":[{"embeddable":true,"href":"https:\/\/www.septinoticias.com.mx\/index.php?rest_route=\/wp\/v2\/media\/117803"}],"wp:attachment":[{"href":"https:\/\/www.septinoticias.com.mx\/index.php?rest_route=%2Fwp%2Fv2%2Fmedia&parent=117801"}],"wp:term":[{"taxonomy":"category","embeddable":true,"href":"https:\/\/www.septinoticias.com.mx\/index.php?rest_route=%2Fwp%2Fv2%2Fcategories&post=117801"},{"taxonomy":"post_tag","embeddable":true,"href":"https:\/\/www.septinoticias.com.mx\/index.php?rest_route=%2Fwp%2Fv2%2Ftags&post=117801"}],"curies":[{"name":"wp","href":"https:\/\/api.w.org\/{rel}","templated":true}]}}